{"id":986,"date":"2011-01-19T17:28:37","date_gmt":"2011-01-19T15:28:37","guid":{"rendered":"http:\/\/www.creativedirector.se\/blog\/?p=986"},"modified":"2011-01-19T17:28:37","modified_gmt":"2011-01-19T15:28:37","slug":"hemmets-journal-nu-allers-aret-runt-allas-och-hemmets-veckotidning-nasta","status":"publish","type":"post","link":"https:\/\/www.creativedirector.se\/blog\/2011\/01\/19\/hemmets-journal-nu-allers-aret-runt-allas-och-hemmets-veckotidning-nasta\/","title":{"rendered":"Hemmets journal nu, Allers, \u00c5ret Runt, Allas och Hemmets veckotidning n\u00e4sta?"},"content":{"rendered":"<p><a href=\"http:\/\/resume.se\/nyheter\/2011\/01\/19\/12-varslas-fran-hemmets-jo\/\">Hemmets journals storvarsel s\u00e4ger en hel del om klimatet bland veckotidningarna.<\/a> <a href=\"http:\/\/www.dagensmedia.se\/nyheter\/print\/tidskrifter\/article3072430.ece\">Det \u00e4r en fr\u00e5ga vad som kommer ske med de fyra konkurrenterna som alla ligger under samma tak, Aller Media.<\/a> Det \u00e4r v\u00e4l ingen som tror att de kommer klara sig b\u00e4ttre? L\u00e4sarna \u00e4ndrar sig. Utbudet p\u00e5 tidningar \u00f6kar. Dessa klassiska veckotidningar tappar allt mer sin m\u00e5lgrupp. Jag \u00e4r ganska \u00f6vertygad att det \u00e4r bara en tidsfr\u00e5ga innan Allers Media g\u00f6r p\u00e5 samma s\u00e4tt som Egmont Tidskrifter. Det \u00e4r nya tider och det \u00e4r m\u00e5nga av dessa veckotidningar som inte h\u00e4nger med. Konkurrensen ifr\u00e5n kv\u00e4llspressens bilagor skall inte f\u00f6rringas. Det \u00e4r de som allt fler k\u00f6per. D\u00e5 f\u00e5r de b\u00e5de veckopressk\u00e4nslan och kv\u00e4llspressen i ett enda k\u00f6p.<\/p>\n","protected":false},"excerpt":{"rendered":"<p>Hemmets journals storvarsel s\u00e4ger en hel del om klimatet bland veckotidningarna. Det \u00e4r en fr\u00e5ga vad som kommer ske med de fyra konkurrenterna som alla ligger under samma tak, Aller Media. Det \u00e4r v\u00e4l ingen som tror att de kommer klara sig b\u00e4ttre? L\u00e4sarna \u00e4ndrar sig. Utbudet p\u00e5 tidningar \u00f6kar. Dessa klassiska veckotidningar tappar allt [&hellip;]<\/p>\n","protected":false},"author":1,"featured_media":0,"comment_status":"open","ping_status":"open","sticky":false,"template":"","format":"standard","meta":{"footnotes":""},"categories":[3],"tags":[1023,1028,1022,1029,1025,1026,1030,1027,1024],"class_list":["post-986","post","type-post","status-publish","format-standard","hentry","category-nyheter","tag-allas","tag-aller-media","tag-allers","tag-egmont","tag-hemmets-journal","tag-hemmets-veckotidning","tag-kvallspress","tag-veckotidning","tag-aret-runt"],"aioseo_notices":[],"_links":{"self":[{"href":"https:\/\/www.creativedirector.se\/blog\/wp-json\/wp\/v2\/posts\/986","targetHints":{"allow":["GET"]}}],"collection":[{"href":"https:\/\/www.creativedirector.se\/blog\/wp-json\/wp\/v2\/posts"}],"about":[{"href":"https:\/\/www.creativedirector.se\/blog\/wp-json\/wp\/v2\/types\/post"}],"author":[{"embeddable":true,"href":"https:\/\/www.creativedirector.se\/blog\/wp-json\/wp\/v2\/users\/1"}],"replies":[{"embeddable":true,"href":"https:\/\/www.creativedirector.se\/blog\/wp-json\/wp\/v2\/comments?post=986"}],"version-history":[{"count":1,"href":"https:\/\/www.creativedirector.se\/blog\/wp-json\/wp\/v2\/posts\/986\/revisions"}],"predecessor-version":[{"id":987,"href":"https:\/\/www.creativedirector.se\/blog\/wp-json\/wp\/v2\/posts\/986\/revisions\/987"}],"wp:attachment":[{"href":"https:\/\/www.creativedirector.se\/blog\/wp-json\/wp\/v2\/media?parent=986"}],"wp:term":[{"taxonomy":"category","embeddable":true,"href":"https:\/\/www.creativedirector.se\/blog\/wp-json\/wp\/v2\/categories?post=986"},{"taxonomy":"post_tag","embeddable":true,"href":"https:\/\/www.creativedirector.se\/blog\/wp-json\/wp\/v2\/tags?post=986"}],"curies":[{"name":"wp","href":"https:\/\/api.w.org\/{rel}","templated":true}]}}