{"id":936,"date":"2011-02-03T10:33:16","date_gmt":"2011-02-03T08:33:16","guid":{"rendered":"http:\/\/www.creativedirector.se\/blog\/?p=936"},"modified":"2011-01-14T15:05:29","modified_gmt":"2011-01-14T13:05:29","slug":"vermont-coffee-company-grafisk-form-nar-den-ar-som-bast","status":"publish","type":"post","link":"https:\/\/www.creativedirector.se\/blog\/2011\/02\/03\/vermont-coffee-company-grafisk-form-nar-den-ar-som-bast\/","title":{"rendered":"Vermont Coffee Company &#8211; Grafisk form n\u00e4r den \u00e4r som b\u00e4st"},"content":{"rendered":"<p><img decoding=\"async\" alt=\"Ekologiskt kaffe att ta med\" src=\"https:\/\/img.skitch.com\/20110114-8sgmrrxf7f363aw6qaeb1p7kcw.jpg\" class=\"alignnone\" width=\"680\" height=\"395\" \/><br \/>\n<img decoding=\"async\" alt=\"Ekologiskt rostat kaffe!\" src=\"https:\/\/img.skitch.com\/20110114-rpj1xtafcaepfiikjjce3hbyud.jpg\" class=\"alignnone\" width=\"680\" height=\"340\" \/><br \/>\n<a href=\"http:\/\/www.vermontcoffeecompany.com\/Vermont_Coffee_Company\/vermont_organic_fair_trade_coffee.html\">Vermont Coffee Company<\/a> satsar p\u00e5 bra ekologiska val. Inget som inte produceras ekologiskt. Snyggt grafiskt och v\u00e4ldigt vackert f\u00f6r \u00f6gat!<\/p>\n","protected":false},"excerpt":{"rendered":"<p>Vermont Coffee Company satsar p\u00e5 bra ekologiska val. Inget som inte produceras ekologiskt. Snyggt grafiskt och v\u00e4ldigt vackert f\u00f6r \u00f6gat!<\/p>\n","protected":false},"author":1,"featured_media":0,"comment_status":"open","ping_status":"open","sticky":false,"template":"","format":"standard","meta":{"footnotes":""},"categories":[47,110],"tags":[973,974,26,537,1759],"class_list":["post-936","post","type-post","status-publish","format-standard","hentry","category-grafisk-formgivning","category-varumarke","tag-ekologiskt","tag-fairtrade","tag-grafisk-profil","tag-kaffe","tag-varumarke"],"aioseo_notices":[],"_links":{"self":[{"href":"https:\/\/www.creativedirector.se\/blog\/wp-json\/wp\/v2\/posts\/936","targetHints":{"allow":["GET"]}}],"collection":[{"href":"https:\/\/www.creativedirector.se\/blog\/wp-json\/wp\/v2\/posts"}],"about":[{"href":"https:\/\/www.creativedirector.se\/blog\/wp-json\/wp\/v2\/types\/post"}],"author":[{"embeddable":true,"href":"https:\/\/www.creativedirector.se\/blog\/wp-json\/wp\/v2\/users\/1"}],"replies":[{"embeddable":true,"href":"https:\/\/www.creativedirector.se\/blog\/wp-json\/wp\/v2\/comments?post=936"}],"version-history":[{"count":1,"href":"https:\/\/www.creativedirector.se\/blog\/wp-json\/wp\/v2\/posts\/936\/revisions"}],"predecessor-version":[{"id":937,"href":"https:\/\/www.creativedirector.se\/blog\/wp-json\/wp\/v2\/posts\/936\/revisions\/937"}],"wp:attachment":[{"href":"https:\/\/www.creativedirector.se\/blog\/wp-json\/wp\/v2\/media?parent=936"}],"wp:term":[{"taxonomy":"category","embeddable":true,"href":"https:\/\/www.creativedirector.se\/blog\/wp-json\/wp\/v2\/categories?post=936"},{"taxonomy":"post_tag","embeddable":true,"href":"https:\/\/www.creativedirector.se\/blog\/wp-json\/wp\/v2\/tags?post=936"}],"curies":[{"name":"wp","href":"https:\/\/api.w.org\/{rel}","templated":true}]}}