{"id":925,"date":"2011-01-26T10:44:47","date_gmt":"2011-01-26T08:44:47","guid":{"rendered":"http:\/\/www.creativedirector.se\/blog\/?p=925"},"modified":"2011-01-14T13:52:08","modified_gmt":"2011-01-14T11:52:08","slug":"duracell-hemligheten-bakom-mycket","status":"publish","type":"post","link":"https:\/\/www.creativedirector.se\/blog\/2011\/01\/26\/duracell-hemligheten-bakom-mycket\/","title":{"rendered":"Duracell &#8211; Hemligheten bakom mycket"},"content":{"rendered":"<p><img decoding=\"async\" alt=\"F1 by duracell - Formel ett bil med batteri ifr\u00e5n Duracell\" src=\"https:\/\/img.skitch.com\/20110114-gs75q9aeem4n972p4s6kmp9wea.jpg\" class=\"alignnone\" width=\"680\" height=\"486\" \/><br \/>\n<img decoding=\"async\" alt=\"Queen Elisabeth drivs med Duracell batterier\" src=\"https:\/\/img.skitch.com\/20110114-ktm7th8ecik3e8y96jx7pdmpyh.jpg\" class=\"alignnone\" width=\"680\" height=\"486\" \/><br \/>\nDetta \u00e4r ett arbete gjort av Augusto Link som l\u00e4ser p\u00e5 Universidade Est\u00e1cio de S\u00e1, i Brasilien. Gillar hela konceptet och det k\u00e4nns v\u00e4l genomf\u00f6rt och id\u00e9en \u00e4r riktigt bra. Hoppas Duracell hoppar p\u00e5 detta och g\u00f6r det till en riktig kampanj!<\/p>\n","protected":false},"excerpt":{"rendered":"<p>Detta \u00e4r ett arbete gjort av Augusto Link som l\u00e4ser p\u00e5 Universidade Est\u00e1cio de S\u00e1, i Brasilien. Gillar hela konceptet och det k\u00e4nns v\u00e4l genomf\u00f6rt och id\u00e9en \u00e4r riktigt bra. Hoppas Duracell hoppar p\u00e5 detta och g\u00f6r det till en riktig kampanj!<\/p>\n","protected":false},"author":1,"featured_media":0,"comment_status":"open","ping_status":"open","sticky":false,"template":"","format":"standard","meta":{"footnotes":""},"categories":[85,47],"tags":[952,436,951,1756,1751,953,421],"class_list":["post-925","post","type-post","status-publish","format-standard","hentry","category-fotografi","category-grafisk-formgivning","tag-batteri","tag-brasilien","tag-duracell","tag-fotografi","tag-grafisk-formgivning","tag-reklamskola","tag-utbildning"],"aioseo_notices":[],"_links":{"self":[{"href":"https:\/\/www.creativedirector.se\/blog\/wp-json\/wp\/v2\/posts\/925","targetHints":{"allow":["GET"]}}],"collection":[{"href":"https:\/\/www.creativedirector.se\/blog\/wp-json\/wp\/v2\/posts"}],"about":[{"href":"https:\/\/www.creativedirector.se\/blog\/wp-json\/wp\/v2\/types\/post"}],"author":[{"embeddable":true,"href":"https:\/\/www.creativedirector.se\/blog\/wp-json\/wp\/v2\/users\/1"}],"replies":[{"embeddable":true,"href":"https:\/\/www.creativedirector.se\/blog\/wp-json\/wp\/v2\/comments?post=925"}],"version-history":[{"count":1,"href":"https:\/\/www.creativedirector.se\/blog\/wp-json\/wp\/v2\/posts\/925\/revisions"}],"predecessor-version":[{"id":926,"href":"https:\/\/www.creativedirector.se\/blog\/wp-json\/wp\/v2\/posts\/925\/revisions\/926"}],"wp:attachment":[{"href":"https:\/\/www.creativedirector.se\/blog\/wp-json\/wp\/v2\/media?parent=925"}],"wp:term":[{"taxonomy":"category","embeddable":true,"href":"https:\/\/www.creativedirector.se\/blog\/wp-json\/wp\/v2\/categories?post=925"},{"taxonomy":"post_tag","embeddable":true,"href":"https:\/\/www.creativedirector.se\/blog\/wp-json\/wp\/v2\/tags?post=925"}],"curies":[{"name":"wp","href":"https:\/\/api.w.org\/{rel}","templated":true}]}}