{"id":889,"date":"2011-01-17T10:35:41","date_gmt":"2011-01-17T08:35:41","guid":{"rendered":"http:\/\/www.creativedirector.se\/blog\/?p=889"},"modified":"2011-01-12T01:39:34","modified_gmt":"2011-01-11T23:39:34","slug":"think-different-apples-basta-reklamfilm-enligt-mig","status":"publish","type":"post","link":"https:\/\/www.creativedirector.se\/blog\/2011\/01\/17\/think-different-apples-basta-reklamfilm-enligt-mig\/","title":{"rendered":"Think different &#8211; Apples b\u00e4sta reklamfilm enligt mig"},"content":{"rendered":"<p><object width=\"680\" height=\"535\"><param name=\"movie\" value=\"http:\/\/www.youtube.com\/v\/XUfH-BEBMoY?fs=1&amp;hl=sv_SE\"><\/param><param name=\"allowFullScreen\" value=\"true\"><\/param><param name=\"allowscriptaccess\" value=\"always\"><\/param><embed src=\"http:\/\/www.youtube.com\/v\/XUfH-BEBMoY?fs=1&amp;hl=sv_SE\" type=\"application\/x-shockwave-flash\" allowscriptaccess=\"always\" allowfullscreen=\"true\" width=\"680\" height=\"535\"><\/embed><\/object><br \/>\nInte bara valet av personer utan helheten \u00e4r s\u00e5 perfekt. Copyn \u00e4r enast\u00e5ende. Bildvalet, ja genialiskt. F\u00f6r mig r\u00e4cker det med att h\u00f6ra en sekund, sen har jag g\u00e5shud. <\/p>\n<p>Lyssna p\u00e5 hur Steve Jobs funderar kring marknadsf\u00f6ring.<\/p>\n<p><object width=\"680\" height=\"535\"><param name=\"movie\" value=\"http:\/\/www.youtube.com\/v\/VCz_SiPD_X0?fs=1&amp;hl=sv_SE\"><\/param><param name=\"allowFullScreen\" value=\"true\"><\/param><param name=\"allowscriptaccess\" value=\"always\"><\/param><embed src=\"http:\/\/www.youtube.com\/v\/VCz_SiPD_X0?fs=1&amp;hl=sv_SE\" type=\"application\/x-shockwave-flash\" allowscriptaccess=\"always\" allowfullscreen=\"true\" width=\"680\" height=\"535\"><\/embed><\/object><\/p>\n","protected":false},"excerpt":{"rendered":"<p>Inte bara valet av personer utan helheten \u00e4r s\u00e5 perfekt. Copyn \u00e4r enast\u00e5ende. Bildvalet, ja genialiskt. F\u00f6r mig r\u00e4cker det med att h\u00f6ra en sekund, sen har jag g\u00e5shud. Lyssna p\u00e5 hur Steve Jobs funderar kring marknadsf\u00f6ring.<\/p>\n","protected":false},"author":1,"featured_media":0,"comment_status":"open","ping_status":"open","sticky":false,"template":"","format":"standard","meta":{"footnotes":""},"categories":[5],"tags":[210,907,330,336,906,1759],"class_list":["post-889","post","type-post","status-publish","format-standard","hentry","category-reklamfilm","tag-apple","tag-genier","tag-mac","tag-steve-jobs","tag-think-different","tag-varumarke"],"aioseo_notices":[],"_links":{"self":[{"href":"https:\/\/www.creativedirector.se\/blog\/wp-json\/wp\/v2\/posts\/889","targetHints":{"allow":["GET"]}}],"collection":[{"href":"https:\/\/www.creativedirector.se\/blog\/wp-json\/wp\/v2\/posts"}],"about":[{"href":"https:\/\/www.creativedirector.se\/blog\/wp-json\/wp\/v2\/types\/post"}],"author":[{"embeddable":true,"href":"https:\/\/www.creativedirector.se\/blog\/wp-json\/wp\/v2\/users\/1"}],"replies":[{"embeddable":true,"href":"https:\/\/www.creativedirector.se\/blog\/wp-json\/wp\/v2\/comments?post=889"}],"version-history":[{"count":1,"href":"https:\/\/www.creativedirector.se\/blog\/wp-json\/wp\/v2\/posts\/889\/revisions"}],"predecessor-version":[{"id":890,"href":"https:\/\/www.creativedirector.se\/blog\/wp-json\/wp\/v2\/posts\/889\/revisions\/890"}],"wp:attachment":[{"href":"https:\/\/www.creativedirector.se\/blog\/wp-json\/wp\/v2\/media?parent=889"}],"wp:term":[{"taxonomy":"category","embeddable":true,"href":"https:\/\/www.creativedirector.se\/blog\/wp-json\/wp\/v2\/categories?post=889"},{"taxonomy":"post_tag","embeddable":true,"href":"https:\/\/www.creativedirector.se\/blog\/wp-json\/wp\/v2\/tags?post=889"}],"curies":[{"name":"wp","href":"https:\/\/api.w.org\/{rel}","templated":true}]}}