{"id":856,"date":"2011-01-07T10:44:31","date_gmt":"2011-01-07T08:44:31","guid":{"rendered":"http:\/\/www.creativedirector.se\/blog\/?p=856"},"modified":"2011-01-04T12:08:19","modified_gmt":"2011-01-04T10:08:19","slug":"ikea-midvinterrea-rea-med-robotar","status":"publish","type":"post","link":"https:\/\/www.creativedirector.se\/blog\/2011\/01\/07\/ikea-midvinterrea-rea-med-robotar\/","title":{"rendered":"IKEA &#8211; Midvinterrea, REA med robotar?"},"content":{"rendered":"<p><object width=\"679\" height=\"407\"><param name=\"movie\" value=\"http:\/\/www.youtube.com\/v\/0a_NajMJjVo?fs=1&amp;hl=sv_SE\"><\/param><param name=\"allowFullScreen\" value=\"true\"><\/param><param name=\"allowscriptaccess\" value=\"always\"><\/param><embed src=\"http:\/\/www.youtube.com\/v\/0a_NajMJjVo?fs=1&amp;hl=sv_SE\" type=\"application\/x-shockwave-flash\" allowscriptaccess=\"always\" allowfullscreen=\"true\" width=\"679\" height=\"407\"><\/embed><\/object><br \/>\nFick kaffet i halsen f\u00f6rsta g\u00e5ngen jag s\u00e5g den h\u00e4r.<br \/>\nHur har IKEA t\u00e4nkt h\u00e4r?<br \/>\nHar IKEA t\u00e4nkt alls?<br \/>\nOm IKEA t\u00e4nkt, vad tror IKEA att m\u00e5nga kommer tro om IKEAs anst\u00e4llda?<br \/>\n\u00c4r de anst\u00e4llda p\u00e5 IKEA robotar?<br \/>\nJag f\u00f6rst\u00e5r inte alls. Det \u00e4r inte roligt. Det \u00e4r inte fyndigt. Det \u00e4r mest bara pinsamt d\u00e5ligt. <\/p>\n","protected":false},"excerpt":{"rendered":"<p>Fick kaffet i halsen f\u00f6rsta g\u00e5ngen jag s\u00e5g den h\u00e4r. Hur har IKEA t\u00e4nkt h\u00e4r? Har IKEA t\u00e4nkt alls? Om IKEA t\u00e4nkt, vad tror IKEA att m\u00e5nga kommer tro om IKEAs anst\u00e4llda? \u00c4r de anst\u00e4llda p\u00e5 IKEA robotar? Jag f\u00f6rst\u00e5r inte alls. Det \u00e4r inte roligt. Det \u00e4r inte fyndigt. Det \u00e4r mest bara pinsamt [&hellip;]<\/p>\n","protected":false},"author":1,"featured_media":0,"comment_status":"open","ping_status":"open","sticky":false,"template":"","format":"standard","meta":{"footnotes":""},"categories":[5],"tags":[202,870,203,871,869,1759,552],"class_list":["post-856","post","type-post","status-publish","format-standard","hentry","category-reklamfilm","tag-ikea","tag-midvinter","tag-rea","tag-robotar","tag-sno","tag-varumarke","tag-vinter"],"aioseo_notices":[],"_links":{"self":[{"href":"https:\/\/www.creativedirector.se\/blog\/wp-json\/wp\/v2\/posts\/856","targetHints":{"allow":["GET"]}}],"collection":[{"href":"https:\/\/www.creativedirector.se\/blog\/wp-json\/wp\/v2\/posts"}],"about":[{"href":"https:\/\/www.creativedirector.se\/blog\/wp-json\/wp\/v2\/types\/post"}],"author":[{"embeddable":true,"href":"https:\/\/www.creativedirector.se\/blog\/wp-json\/wp\/v2\/users\/1"}],"replies":[{"embeddable":true,"href":"https:\/\/www.creativedirector.se\/blog\/wp-json\/wp\/v2\/comments?post=856"}],"version-history":[{"count":1,"href":"https:\/\/www.creativedirector.se\/blog\/wp-json\/wp\/v2\/posts\/856\/revisions"}],"predecessor-version":[{"id":857,"href":"https:\/\/www.creativedirector.se\/blog\/wp-json\/wp\/v2\/posts\/856\/revisions\/857"}],"wp:attachment":[{"href":"https:\/\/www.creativedirector.se\/blog\/wp-json\/wp\/v2\/media?parent=856"}],"wp:term":[{"taxonomy":"category","embeddable":true,"href":"https:\/\/www.creativedirector.se\/blog\/wp-json\/wp\/v2\/categories?post=856"},{"taxonomy":"post_tag","embeddable":true,"href":"https:\/\/www.creativedirector.se\/blog\/wp-json\/wp\/v2\/tags?post=856"}],"curies":[{"name":"wp","href":"https:\/\/api.w.org\/{rel}","templated":true}]}}