{"id":768,"date":"2010-12-02T21:22:29","date_gmt":"2010-12-02T19:22:29","guid":{"rendered":"http:\/\/www.creativedirector.se\/blog\/?p=768"},"modified":"2010-12-02T21:22:29","modified_gmt":"2010-12-02T19:22:29","slug":"apples-iphone-os-ar-storst-blackberry-blir-mindre","status":"publish","type":"post","link":"https:\/\/www.creativedirector.se\/blog\/2010\/12\/02\/apples-iphone-os-ar-storst-blackberry-blir-mindre\/","title":{"rendered":"Apples iPhone OS \u00e4r st\u00f6rst, Blackberry blir mindre"},"content":{"rendered":"<p><img decoding=\"async\" class=\"alignnone\" src=\"http:\/\/img.skitch.com\/20101202-k4n45eauu7xt496q46rf122nfb.jpg\" alt=\"Apple iPhone, st\u00f6rst, sl\u00e5r Blackberry i USA\" width=\"680\" height=\"516\" \/><br \/>\n<a href=\"http:\/\/www.idg.se\/2.1085\/1.356918\/iphone-petar-ner-blackberry-i-usa\" target=\"_blank\"> Blackberry<\/a> <a href=\"http:\/\/www.idg.se\/2.1085\/1.356803\/nokia-siemens-ios42-kor-var-smarta-3g-mjukvara\" target=\"_blank\">har varit<\/a> <a href=\"http:\/\/www.idg.se\/2.1085\/1.356821\/upplasningsverktyg-for-windows-phone-7-dras-tillbaka\" target=\"_blank\">en av de stora<\/a>. <a href=\"http:\/\/www.idg.se\/2.1085\/1.356939\/varldens-mobilsurf-i-siffror\" target=\"_blank\">De har varit sv\u00e5ra att n\u00e5.<\/a><a href=\"http:\/\/www.idg.se\/2.1085\/1.356371\/android-pa-vag-att-passera-ios\" target=\"_blank\"> Nu har dock Apple g\u00e5tt om Blackberry.<\/a> Det \u00f6ppnar m\u00f6jligheterna f\u00f6r \u00e4nnu mer marknadsf\u00f6ring genom mobila kanaler. Det \u00e4r \u00e4ven intressant att se att Googles Android nu \u00e4r trea. Deras bleka kopia av iOS har allts\u00e5 inte gjort att de g\u00e5tt om Blackberry. D\u00e5 allt fler l\u00e5gpristelefoner s\u00e4ljs med Android s\u00e5 f\u00e5r vi v\u00e4l v\u00e4nta oss att de g\u00e5r om Blackberry inom kort. Sen \u00e4r fr\u00e5gan om de kommer g\u00e5 om Apple eller Apple sl\u00e4pper ett l\u00e5gprissegment som kring iPadarna. Jag tror p\u00e5 en iPhone nano inom kort.<\/p>\n<p><a href=\"http:\/\/www.idg.se\/2.1085\/1.356928\/rim-koper-tat\" target=\"_blank\">Malm\u00f6baserade TAT<\/a> <a href=\"http:\/\/www.idg.se\/2.1085\/1.356973\/tat-ska-bygga-ipad-utmanare\" target=\"_blank\">har i dagarna k\u00f6pts av RIM<\/a>, <a href=\"http:\/\/www.nyteknik.se\/nyheter\/it_telekom\/mobiltele\/article3029407.ece\" target=\"_blank\">de som g\u00f6r Blackberry.<\/a> <a href=\"http:\/\/www.nyteknik.se\/nyheter\/it_telekom\/mobiltele\/article3028234.ece\" target=\"_blank\">Fr\u00e5gan \u00e4r ju vem som vinner mest p\u00e5 den dealen.<\/a> <a href=\"http:\/\/tdh.se\/tat-gar-till-rim\/\" target=\"_blank\">Vad som jag tycker \u00e4r lite fundersamt \u00e4r ju att TAT inte \u00e4r de jag skulle kalla nyskapande<\/a>. <a href=\"http:\/\/www.swedroid.se\/kanadensiska-rim-koper-svenska-tat\/\" target=\"_blank\">De har ju varit med att g\u00f6ra GUI till flera SE-lurar som gjort dem n\u00e4stan oanv\u00e4ndbara.<\/a> <a href=\"http:\/\/emerging101.com\/2010\/12\/presstopp-rim-koper-upp-tat\/\" target=\"_blank\">Samt kring Android har de varit med och g\u00f6ra n\u00e5got som \u00e4r v\u00e4ldigt lika iOS.<\/a> Jag tillh\u00f6r med dem som i flera \u00e5r undrat vad de har f\u00f6r showcase. De borde ha n\u00e5gon med lite mer visioner. Nyt\u00e4nkande beh\u00f6vs!<\/p>\n","protected":false},"excerpt":{"rendered":"<p>Blackberry har varit en av de stora. De har varit sv\u00e5ra att n\u00e5. Nu har dock Apple g\u00e5tt om Blackberry. Det \u00f6ppnar m\u00f6jligheterna f\u00f6r \u00e4nnu mer marknadsf\u00f6ring genom mobila kanaler. Det \u00e4r \u00e4ven intressant att se att Googles Android nu \u00e4r trea. Deras bleka kopia av iOS har allts\u00e5 inte gjort att de g\u00e5tt om [&hellip;]<\/p>\n","protected":false},"author":1,"featured_media":0,"comment_status":"open","ping_status":"open","sticky":false,"template":"","format":"standard","meta":{"footnotes":""},"categories":[135,16],"tags":[408,210,263,717,211,754,545,192,755,756,757],"class_list":["post-768","post","type-post","status-publish","format-standard","hentry","category-it","category-marknadsforing","tag-android","tag-apple","tag-blackberry","tag-ios","tag-iphone","tag-marknadsandel","tag-microsoft-windows-phone-7","tag-nokia","tag-rim","tag-tat","tag-the-astonishing-tribe"],"aioseo_notices":[],"_links":{"self":[{"href":"https:\/\/www.creativedirector.se\/blog\/wp-json\/wp\/v2\/posts\/768","targetHints":{"allow":["GET"]}}],"collection":[{"href":"https:\/\/www.creativedirector.se\/blog\/wp-json\/wp\/v2\/posts"}],"about":[{"href":"https:\/\/www.creativedirector.se\/blog\/wp-json\/wp\/v2\/types\/post"}],"author":[{"embeddable":true,"href":"https:\/\/www.creativedirector.se\/blog\/wp-json\/wp\/v2\/users\/1"}],"replies":[{"embeddable":true,"href":"https:\/\/www.creativedirector.se\/blog\/wp-json\/wp\/v2\/comments?post=768"}],"version-history":[{"count":4,"href":"https:\/\/www.creativedirector.se\/blog\/wp-json\/wp\/v2\/posts\/768\/revisions"}],"predecessor-version":[{"id":772,"href":"https:\/\/www.creativedirector.se\/blog\/wp-json\/wp\/v2\/posts\/768\/revisions\/772"}],"wp:attachment":[{"href":"https:\/\/www.creativedirector.se\/blog\/wp-json\/wp\/v2\/media?parent=768"}],"wp:term":[{"taxonomy":"category","embeddable":true,"href":"https:\/\/www.creativedirector.se\/blog\/wp-json\/wp\/v2\/categories?post=768"},{"taxonomy":"post_tag","embeddable":true,"href":"https:\/\/www.creativedirector.se\/blog\/wp-json\/wp\/v2\/tags?post=768"}],"curies":[{"name":"wp","href":"https:\/\/api.w.org\/{rel}","templated":true}]}}