{"id":666,"date":"2010-11-05T02:02:01","date_gmt":"2010-11-05T00:02:01","guid":{"rendered":"http:\/\/www.creativedirector.se\/blog\/?p=666"},"modified":"2010-11-05T02:02:01","modified_gmt":"2010-11-05T00:02:01","slug":"kungen-omger-sig-med-idioter","status":"publish","type":"post","link":"https:\/\/www.creativedirector.se\/blog\/2010\/11\/05\/kungen-omger-sig-med-idioter\/","title":{"rendered":"Kungen omger sig med idioter"},"content":{"rendered":"<p><img decoding=\"async\" class=\"alignnone\" src=\"http:\/\/img.skitch.com\/20101104-k1ugcsaw747r881ihg4748phkd.jpg\" alt=\"Kung Carl XVI Gustaf - Vad \u00e4r sanning kring boken - En sak \u00e4r klar Kungen omger sig med idioter\" width=\"680\" height=\"363\" \/><\/p>\n<p><a href=\"http:\/\/www.resume.se\/nyheter\/2010\/11\/04\/retorikexperten-besynnerli\/\" target=\"_blank\">V\u00e5r<\/a> <a href=\"http:\/\/www.resume.se\/nyheter\/2010\/11\/04\/ingen-bra-krishantering\/\" target=\"_blank\">kung,<\/a> <a href=\"http:\/\/www.resume.se\/nyheter\/2010\/11\/04\/kungens-uttalande-ord-for-\/\" target=\"_blank\">HMK<\/a> <a href=\"http:\/\/www.resume.se\/nyheter\/2010\/11\/04\/lamna-kungen-ifred\/\" target=\"_blank\">Kung<\/a> <a href=\"http:\/\/www.resume.se\/nyheter\/2010\/11\/04\/mer-an-dubbelt-sa-journali\/\" target=\"_blank\">Carl<\/a> <a href=\"http:\/\/www.sydsvenskan.se\/sverige\/article1288118\/Stort-intresse-for-kunglig-jakt.html\" target=\"_blank\">XVI<\/a> <a href=\"http:\/\/www.dn.se\/dnbok\/rusning-efter-kunglig-skandalbok-1.1202582\" target=\"_blank\">Gustav<\/a> <a href=\"http:\/\/www.dn.se\/kultur-noje\/kronikor\/mattias-hermansson-skriva-eller-inte-skriva-1.1202380\" target=\"_blank\">m\u00e5ste<\/a> <a href=\"http:\/\/www.dn.se\/dnbok\/pressen-okar-pa-kungahuset-1.1202373\" target=\"_blank\">omge<\/a> <a href=\"http:\/\/www.svd.se\/nyheter\/inrikes\/pr-expert-fel-med-presskonferens_5622723.svd\" target=\"_blank\">sig<\/a> <a href=\"http:\/\/www.svd.se\/nyheter\/inrikes\/kungen-vi-vander-blad-och-ser-framat_5622861.svd\" target=\"_blank\">med<\/a> <a href=\"http:\/\/www.svd.se\/nyheter\/inrikes\/stort-intresse-for-kungabok_5621563.svd\" target=\"_blank\">d\u00e5liga<\/a> <a href=\"http:\/\/www.svd.se\/kulturnoje\/nyheter\/kungaboken-delar-branschen_5619309.svd\" target=\"_blank\">r\u00e5dgivare<\/a> <a href=\"http:\/\/www.gp.se\/nyheter\/sverige\/1.484124-rusning-efter-kunglig-skandalbok\" target=\"_blank\">och<\/a><a href=\"http:\/\/www.gp.se\/nyheter\/sverige\/1.483886-fran-kungens-presskonferens\" target=\"_blank\"> v\u00e4nner.<\/a> <a href=\"http:\/\/www.gp.se\/kulturnoje\/1.483730-bokens-litterara-kvaliteer-ar-marginella\" target=\"_blank\">F\u00f6r<\/a> <a href=\"http:\/\/www.gp.se\/kulturnoje\/litteratur\/1.482779-kanslig-biografi-skildrar-kungens-privatliv\" target=\"_blank\">hur<\/a> <a href=\"http:\/\/www.gp.se\/nyheter\/ledare\/1.484027-ideal-och-verklighet\" target=\"_blank\">kunde<\/a> <a href=\"http:\/\/hd.se\/inrikes\/2010\/11\/04\/stort-intresse-for-kunglig-jakt\/\" target=\"_blank\">detta<\/a> <a href=\"http:\/\/hd.se\/noje\/2010\/11\/02\/kansliga-uppgifter-i-ny-kungabok\/\" target=\"_blank\">ske?<\/a> <a href=\"http:\/\/hd.se\/kultur\/boken\/2010\/11\/05\/kungens-nya-klader\/\" target=\"_blank\">Att<\/a> <a href=\"http:\/\/blogg.aftonbladet.se\/29007\/2010\/11\/fint-folks-privatliv-maste-skyddas\" target=\"_blank\">st\u00e5<\/a> <a href=\"http:\/\/mattesdagsaktuella.blogspot.com\/2010\/11\/mycket-om-kungen-nu.html\" target=\"_blank\">d\u00e4r<\/a> <a href=\"http:\/\/www.radda-sverige.nu\/2010\/11\/04\/storsaljare-och-det-vet-man\/\" target=\"_blank\">och<\/a> <a href=\"http:\/\/www.wiktzac.com\/2010\/11\/kungligt-kass-konferens.html\" target=\"_blank\">svamla.<\/a> <a href=\"http:\/\/www.enkoppkaffe.se\/?p=1123\" target=\"_blank\">Ingen<\/a> <a href=\"http:\/\/geronten.wordpress.com\/2010\/11\/04\/ingen-rok-utan-skvaller\/\" target=\"_blank\">dementi.<\/a> <a href=\"http:\/\/blogg.aftonbladet.se\/506madonnan\/2010\/11\/det-har-med-kungen\" target=\"_blank\">Nu<\/a> <a href=\"http:\/\/parnassen.wordpress.com\/2010\/11\/04\/presstraff-i-alskogen-forlat-algskogen-jaa-jag-har-legat-med-an-den-ena-an-den-andra\/\" target=\"_blank\">blev<\/a> <a href=\"http:\/\/emmies.eu\/?p=4613\" target=\"_blank\">det<\/a><a href=\"http:\/\/rodamalmo.blogspot.com\/2010\/11\/den-pressade-monarken.html\" target=\"_blank\"> pinsamt.<\/a> <a href=\"http:\/\/gubbens.wordpress.com\/2010\/11\/04\/illaluktande-smorja-skrev-boken-pa-dass\/\" target=\"_blank\">Vilka<\/a> <a href=\"http:\/\/norah4you.wordpress.com\/2010\/11\/04\/vanstersnillen-spekulerar\/\" target=\"_blank\">r\u00e5dgivare<\/a> <a href=\"http:\/\/alltidrottalltidratt.blogspot.com\/2010\/11\/kan-den-debatten-komma-nu.html\" target=\"_blank\">lyckades f\u00e5<\/a> <a href=\"http:\/\/rsgoteborg.wordpress.com\/2010\/11\/04\/skrota-monarkin-\u2013-for-en-socialistisk-republik-2\/\" target=\"_blank\">till detta<\/a> <a href=\"http:\/\/sjokapten.blogg.se\/2010\/november\/vi-ar-alla-manniskor.html\" target=\"_blank\">misslyckandet?<\/a> Det \u00e4r skr\u00e4mmande amat\u00f6rm\u00e4ssigt. Hovet borde anlita Paul Ronge f\u00f6r alla framtida skandaler som l\u00e4r f\u00f6lja.<\/p>\n<p>Jag sk\u00e4ms en hel del \u00f6ver att hovet inte varit mer rustade f\u00f6r detta. Boken har ju varit k\u00e4nd ett bra tag. Att kungen nu flyr till Kina skapar \u00e4nnu mer f\u00f6rv\u00e5ning bland m\u00e5nga. Jag citerar en v\u00e4n &#8220;Kungen omger sig med idioter som tror att det som de g\u00f6r inte n\u00e5r allm\u00e4nheten&#8221;. Jag blir allt mer \u00f6vetygad om att monarkin f\u00e5r det allt tuffare. F\u00f6r vi vet ju alla att unga vackra kvinnor ofta bjuds in p\u00e5 olika arrangemang f\u00f6r att bli \u00f6gongodis f\u00f6r gubbsjuka m\u00e4n. Det \u00e4r inget nytt.<\/p>\n<p>Kungen m\u00e5ste ta tag i detta nu. Dementera om det inte \u00e4r sant. Eller hantera det som skett p\u00e5 ett bra s\u00e4tt. Nu \u00e4r det full brand och brandk\u00e5ren st\u00e5r bara och tittar p\u00e5.<\/p>\n<p>Sj\u00e4lv har jag inte l\u00e4st boken, \u00e4nnu. Fast jag skall. Jag har ingen uppfattning om sj\u00e4lva boken, men hovets agerande \u00e4r en fars.<\/p>\n","protected":false},"excerpt":{"rendered":"<p>V\u00e5r kung, HMK Kung Carl XVI Gustav m\u00e5ste omge sig med d\u00e5liga r\u00e5dgivare och v\u00e4nner. F\u00f6r hur kunde detta ske? Att st\u00e5 d\u00e4r och svamla. Ingen dementi. Nu blev det pinsamt. Vilka r\u00e5dgivare lyckades f\u00e5 till detta misslyckandet? Det \u00e4r skr\u00e4mmande amat\u00f6rm\u00e4ssigt. Hovet borde anlita Paul Ronge f\u00f6r alla framtida skandaler som l\u00e4r f\u00f6lja. Jag [&hellip;]<\/p>\n","protected":false},"author":1,"featured_media":0,"comment_status":"open","ping_status":"open","sticky":false,"template":"","format":"standard","meta":{"footnotes":""},"categories":[119],"tags":[599,600,596,598,597,1761,601,224],"class_list":["post-666","post","type-post","status-publish","format-standard","hentry","category-pr","tag-hmk","tag-hovet","tag-kung","tag-kung-carl-xvi-gustaf","tag-kungen","tag-pr","tag-press","tag-sverige"],"aioseo_notices":[],"_links":{"self":[{"href":"https:\/\/www.creativedirector.se\/blog\/wp-json\/wp\/v2\/posts\/666","targetHints":{"allow":["GET"]}}],"collection":[{"href":"https:\/\/www.creativedirector.se\/blog\/wp-json\/wp\/v2\/posts"}],"about":[{"href":"https:\/\/www.creativedirector.se\/blog\/wp-json\/wp\/v2\/types\/post"}],"author":[{"embeddable":true,"href":"https:\/\/www.creativedirector.se\/blog\/wp-json\/wp\/v2\/users\/1"}],"replies":[{"embeddable":true,"href":"https:\/\/www.creativedirector.se\/blog\/wp-json\/wp\/v2\/comments?post=666"}],"version-history":[{"count":4,"href":"https:\/\/www.creativedirector.se\/blog\/wp-json\/wp\/v2\/posts\/666\/revisions"}],"predecessor-version":[{"id":670,"href":"https:\/\/www.creativedirector.se\/blog\/wp-json\/wp\/v2\/posts\/666\/revisions\/670"}],"wp:attachment":[{"href":"https:\/\/www.creativedirector.se\/blog\/wp-json\/wp\/v2\/media?parent=666"}],"wp:term":[{"taxonomy":"category","embeddable":true,"href":"https:\/\/www.creativedirector.se\/blog\/wp-json\/wp\/v2\/categories?post=666"},{"taxonomy":"post_tag","embeddable":true,"href":"https:\/\/www.creativedirector.se\/blog\/wp-json\/wp\/v2\/tags?post=666"}],"curies":[{"name":"wp","href":"https:\/\/api.w.org\/{rel}","templated":true}]}}