{"id":610,"date":"2010-10-15T13:19:21","date_gmt":"2010-10-15T11:19:21","guid":{"rendered":"http:\/\/www.creativedirector.se\/blog\/?p=610"},"modified":"2010-10-15T13:19:21","modified_gmt":"2010-10-15T11:19:21","slug":"kronprinsen-abdikera-thomas-bodstrom-slanger-in-handduken","status":"publish","type":"post","link":"https:\/\/www.creativedirector.se\/blog\/2010\/10\/15\/kronprinsen-abdikera-thomas-bodstrom-slanger-in-handduken\/","title":{"rendered":"Kronprinsen abdikera &#8211; Thomas Bodstr\u00f6m sl\u00e4nger in handduken"},"content":{"rendered":"<p><img decoding=\"async\" class=\"alignnone\" src=\"http:\/\/img.skitch.com\/20101015-rnp8pex76je39pnyw7g3ymtwuc.jpg\" alt=\"Kronprinsen abdikera - Thomas Bodstr\u00f6m sl\u00e4nger in handduken \" width=\"680\" height=\"306\" \/><\/p>\n<p><a href=\"http:\/\/www.sydsvenskan.se\/sverige\/article1267494\/Bodstrom-lamnar-politiken.html\" target=\"_blank\">Thomas<\/a> <a href=\"http:\/\/www.dn.se\/nyheter\/politik\/bodstrom-riksdagsplats-inte-nodvandig-for-att-bedriva-politik-1.1189680\" target=\"_blank\">Bodstr\u00f6m<\/a> <a href=\"http:\/\/www.dn.se\/nyheter\/politik\/bodstrom-lamnar-politiken-1.1189474\" target=\"_blank\">g\u00f6r<\/a> <a href=\"http:\/\/www.dn.se\/nyheter\/politik\/yilmaz-kerimo-ersatter-bodstrom-1.1189629\" target=\"_blank\">just<\/a> <a href=\"http:\/\/www.dn.se\/nyheter\/politik\/henrik-brors-bodstroms-agerande-markligt-1.1189505\" target=\"_blank\">det<\/a> <a href=\"http:\/\/www.dn.se\/ledare\/signerat\/riksdagen-till-mangsysslandets-forsvar-1.1189383\" target=\"_blank\">som<\/a> <a href=\"http:\/\/www.dn.se\/nyheter\/politik\/bodstrom-nekas-ledighet-1.1188516\" target=\"_blank\">m\u00e5nga<\/a> <a href=\"http:\/\/www.gp.se\/nyheter\/sverige\/1.469118-bodstrom-lamnar-riksdagen\" target=\"_blank\">inte<\/a> <a href=\"http:\/\/www.gp.se\/nyheter\/sverige\/1.469512-sahlin-tanker-ge-bodstrom-en-ny-roll\" target=\"_blank\">f\u00f6rst\u00e5r.<\/a> <a href=\"http:\/\/www.gp.se\/nyheter\/sverige\/1.469331--en-stor-forlust-for-oss-i-riksdagen-\" target=\"_blank\">Han<\/a> <a href=\"http:\/\/www.gp.se\/nyheter\/sverige\/1.469351--en-av-partiets-mest-kontroversiella-politiker-\" target=\"_blank\">kandiderar<\/a> <a href=\"http:\/\/www.svd.se\/nyheter\/inrikes\/bodstrom-slutar-sjalv-men-kan-fa-44-000-i-manaden_5514285.svd\" target=\"_blank\">till<\/a> <a href=\"http:\/\/www.svd.se\/nyheter\/inrikes\/sahlin-ska-ge-bodstrom-ny-roll_5515173.svd\" target=\"_blank\">en<\/a><a href=\"http:\/\/www.svd.se\/nyheter\/inrikes\/bodstrom-lamnar-riksdagen_5512969.svd\" target=\"_blank\"> riksdagsplats<\/a> <a href=\"http:\/\/www.svd.se\/nyheter\/inrikes\/han-eftertrader-bodstrom_5513425.svd\" target=\"_blank\">f\u00f6r<\/a> <a href=\"http:\/\/www.svd.se\/nyheter\/inrikes\/tunt-runt-sahlin-utan-bodstrom_5511865.svd\" target=\"_blank\">sitt<\/a> <a href=\"http:\/\/www.svd.se\/nyheter\/inrikes\/bodstroms-fullspackade-kalender_5507591.svd\" target=\"_blank\">parti.<\/a> <a href=\"http:\/\/www.svd.se\/nyheter\/inrikes\/bodstroms-fullspackade-kalender_5507591.svd\" target=\"_blank\">N\u00e4r<\/a> <a href=\"http:\/\/www.aftonbladet.se\/nyheter\/article7962423.ab\" target=\"_blank\">han<\/a> <a href=\"http:\/\/www.aftonbladet.se\/nyheter\/article7959644.ab\" target=\"_blank\">sen<\/a> <a href=\"http:\/\/www.aftonbladet.se\/nyheter\/article7961847.ab\" target=\"_blank\">ser<\/a> <a href=\"http:\/\/www.aftonbladet.se\/nyheter\/article7960031.ab\" target=\"_blank\">vart<\/a> <a href=\"http:\/\/www.aftonbladet.se\/nyheter\/article7962318.ab\" target=\"_blank\">vinden<\/a> <a href=\"http:\/\/www.aftonbladet.se\/nyheter\/article7959648.ab\" target=\"_blank\">bl\u00e5ser<\/a> <a href=\"http:\/\/www.aftonbladet.se\/nyheter\/article7959642.ab\" target=\"_blank\">v\u00e4ljer<\/a><a href=\"http:\/\/www.aftonbladet.se\/nyheter\/kolumnister\/lenamellin\/article7959646.ab\" target=\"_blank\"> han<\/a> <a href=\"http:\/\/blogg.aftonbladet.se\/proffstyckarna\/2010\/10\/det-enda-rimliga-beslutet-av-bodstrom \" target=\"_blank\">att<\/a> <a href=\"http:\/\/blogg.aftonbladet.se\/proffstyckarna\/2010\/10\/bodstrom-kan-bli-som-bildt-och-wallstrom \" target=\"_blank\">t\u00e4nka<\/a> <a href=\"http:\/\/www.bodstromsamhallet.se\/2010\/10\/jag-slutar-i-riksdagen.html \" target=\"_blank\">bara<\/a><a href=\"http:\/\/www.expressen.se\/nyheter\/1.2175314\/lonen-for-att-sluta-44000-i-manaden \" target=\"_blank\"> p\u00e5<\/a> <a href=\"http:\/\/www.expressen.se\/nyheter\/1.2174839\/thomas-bodstrom-lamnar-politiken \" target=\"_blank\">sig<\/a> <a href=\"http:\/\/www.expressen.se\/nyheter\/1.2175191\/bodstrom-har-tjanat-4-5-miljoner-under-riksdagsaren \" target=\"_blank\">sj\u00e4lv.<\/a> <a href=\"http:\/\/www.expressen.se\/nyheter\/1.2174936\/thomas-bodstrom-bloggar-om-avhoppet \" target=\"_blank\">Thomas<\/a> <a href=\"http:\/\/www.expressen.se\/nyheter\/1.2175004\/jens-orback-om-bodstroms-avhopp \" target=\"_blank\">Bodstr\u00f6m<\/a> <a href=\"http:\/\/www.expressen.se\/nyheter\/1.2175067\/yilmaz-kerimo-ersatter-thomas-bodstrom \" target=\"_blank\">bygge<\/a>r <a href=\"http:\/\/www.expressen.se\/ledare\/1.2174918\/ann-charlotte-marteus-ledighet-in-absurdum \" target=\"_blank\">upp<\/a> <a href=\"http:\/\/www.expressen.se\/kronikorer\/brittasvensson\/1.2174933\/britta-svensson-fungerar-inte-att-gora-det-till-en-jamlikhetsfraga\" target=\"_blank\">ett<\/a> <a href=\"http:\/\/fredrikaxelsson.blogspot.com\/2010\/10\/dagen-da-bodstrom-meddelade-sin-avgang.html \" target=\"_blank\">\u00f6kat<\/a> <a href=\"http:\/\/ingemarnyabloggen.blogspot.com\/2010\/10\/vags-ande-har-fatt-sin-symbol.html \" target=\"_blank\">politikerf\u00f6rakt<\/a> <a href=\"http:\/\/martinmobergsblogg.blogspot.com\/2010\/10\/bodstrom-har-gjort-sitt-val.html \" target=\"_blank\">med<\/a> <a href=\"http:\/\/ilonaw.blogg.se\/2010\/october\/bodstrom-vaxer.html \" target=\"_blank\">sitt<\/a> <a href=\"http:\/\/olovlindquist.blogspot.com\/2010\/10\/riksdagsledamoter-ska-tjanstgora-som.html \" target=\"_blank\">agerande<\/a>. <a href=\"http:\/\/www.unt.se\/blogg\/blogg.aspx?blogg=773&amp;bloggentry=1076445 \" target=\"_blank\">Det<\/a> <a href=\"http:\/\/johanlinander.se\/blog\/2010\/10\/15\/bodstrom-lamnar\/ \" target=\"_blank\">kunde<\/a> <a href=\"http:\/\/bulletiner.wordpress.com\/2010\/10\/15\/kanaljen-bodstrom-en-riktig-fuskpelle\/ \" target=\"_blank\">sk\u00f6tts<\/a> <a href=\"http:\/\/geronten.wordpress.com\/2010\/10\/15\/nu-faller-korthuset-ihop\/ \" target=\"_blank\">s\u00e5<\/a> <a href=\"http:\/\/viktor.cafe.se\/exit-bodstrom-for-tillfallet\/ \" target=\"_blank\">mycket<\/a> <a href=\"http:\/\/www.apg29.se\/index.php?artid=4167\" target=\"_blank\">smidigare.<\/a><\/p>\n<p>Socialdemokratin \u00e4r i ett fritt fall. De misslyckades i \u00e5rets val. Orsakerna \u00e4r m\u00e5nga, fast en av de som lockade till sig r\u00f6ster var Thomas Bodstr\u00f6m. V\u00e4nner till mig som aldrig skulle s\u00e4ga ett gott ord om S annars, har r\u00f6stat p\u00e5 S f\u00f6r Thomas Bodstr\u00f6m.<\/p>\n<p>Mona Sahlin tror jag l\u00e4mnar partiledarskapet under de kommande fyra \u00e5ren. D\u00e5 Thomas Bodstr\u00f6m \u00e4r utanf\u00f6r riksdagen s\u00e5 kan han inte bli socialdemokraternas partiledare. Detta faktum f\u00e5r ingen gl\u00f6mma. F\u00f6r Thomas Bodstr\u00f6m har varit S kronprins, den dagen Mona Sahlin skulle trappa ner s\u00e5 skulle han bli partiledare. Kanske kommer Thomas Bodstr\u00f6m tillbaka. Jag tillh\u00f6r dem som tycker han satt en annan klang p\u00e5 S, s\u00e5 han beh\u00f6vs. Fr\u00e5gan \u00e4r om han st\u00e4ller upp i n\u00e4sta val och kommer in i riksdagen p\u00e5 nytt.<\/p>\n","protected":false},"excerpt":{"rendered":"<p>Thomas Bodstr\u00f6m g\u00f6r just det som m\u00e5nga inte f\u00f6rst\u00e5r. Han kandiderar till en riksdagsplats f\u00f6r sitt parti. N\u00e4r han sen ser vart vinden bl\u00e5ser v\u00e4ljer han att t\u00e4nka bara p\u00e5 sig sj\u00e4lv. Thomas Bodstr\u00f6m bygger upp ett \u00f6kat politikerf\u00f6rakt med sitt agerande. Det kunde sk\u00f6tts s\u00e5 mycket smidigare. Socialdemokratin \u00e4r i ett fritt fall. De [&hellip;]<\/p>\n","protected":false},"author":1,"featured_media":0,"comment_status":"open","ping_status":"open","sticky":false,"template":"","format":"standard","meta":{"footnotes":""},"categories":[50],"tags":[526,528,527,529,101,525,36],"class_list":["post-610","post","type-post","status-publish","format-standard","hentry","category-politik","tag-bodstrom","tag-mona-shalin","tag-riksdagen","tag-riksdagsplats","tag-socialdemokraterna","tag-thomas-bodstr","tag-usa"],"aioseo_notices":[],"_links":{"self":[{"href":"https:\/\/www.creativedirector.se\/blog\/wp-json\/wp\/v2\/posts\/610","targetHints":{"allow":["GET"]}}],"collection":[{"href":"https:\/\/www.creativedirector.se\/blog\/wp-json\/wp\/v2\/posts"}],"about":[{"href":"https:\/\/www.creativedirector.se\/blog\/wp-json\/wp\/v2\/types\/post"}],"author":[{"embeddable":true,"href":"https:\/\/www.creativedirector.se\/blog\/wp-json\/wp\/v2\/users\/1"}],"replies":[{"embeddable":true,"href":"https:\/\/www.creativedirector.se\/blog\/wp-json\/wp\/v2\/comments?post=610"}],"version-history":[{"count":3,"href":"https:\/\/www.creativedirector.se\/blog\/wp-json\/wp\/v2\/posts\/610\/revisions"}],"predecessor-version":[{"id":613,"href":"https:\/\/www.creativedirector.se\/blog\/wp-json\/wp\/v2\/posts\/610\/revisions\/613"}],"wp:attachment":[{"href":"https:\/\/www.creativedirector.se\/blog\/wp-json\/wp\/v2\/media?parent=610"}],"wp:term":[{"taxonomy":"category","embeddable":true,"href":"https:\/\/www.creativedirector.se\/blog\/wp-json\/wp\/v2\/categories?post=610"},{"taxonomy":"post_tag","embeddable":true,"href":"https:\/\/www.creativedirector.se\/blog\/wp-json\/wp\/v2\/tags?post=610"}],"curies":[{"name":"wp","href":"https:\/\/api.w.org\/{rel}","templated":true}]}}