{"id":479,"date":"2010-09-07T18:30:07","date_gmt":"2010-09-07T16:30:07","guid":{"rendered":"http:\/\/www.creativedirector.se\/blog\/?p=479"},"modified":"2010-09-07T18:30:07","modified_gmt":"2010-09-07T16:30:07","slug":"bara-skyldiga-valjer-leif-silbersky-som-sin-forsvarare","status":"publish","type":"post","link":"https:\/\/www.creativedirector.se\/blog\/2010\/09\/07\/bara-skyldiga-valjer-leif-silbersky-som-sin-forsvarare\/","title":{"rendered":"Bara skyldiga v\u00e4ljer Leif Silbersky som sin f\u00f6rsvarare?"},"content":{"rendered":"<p><img decoding=\"async\" class=\"alignnone\" src=\"http:\/\/img.skitch.com\/20100907-8gkghs5x8hcqpw3ec25bjdkm94.jpg\" alt=\"Bara skyldiga v\u00e4ljer Leif Silbersky som sin f\u00f6rsvarare?\" width=\"680\" height=\"561\" \/><br \/>\n<a href=\"http:\/\/www.resume.se\/nyheter\/2010\/09\/07\/assange-petar-silbersky\/\" target=\"_blank\"> Bara<\/a> <a href=\"http:\/\/www.sydsvenskan.se\/sverige\/article1231776\/Assange-vill-byta-ut-Silbersky.html\" target=\"_blank\">skyldiga<\/a> <a href=\"http:\/\/www.expressen.se\/nyheter\/1.2125985\/assange-byter-ut-silbersky\" target=\"_blank\">v\u00e4ljer<\/a> <a href=\"http:\/\/www.expressen.se\/nyheter\/1.2126000\/silbersky-valdigt-forvanande-att-det-har-kommer-nu\" target=\"_blank\">Leif<\/a> <a href=\"http:\/\/www.expressen.se\/nyheter\/1.2125207\/nu-okar-trycket-pa-julian-assange\" target=\"_blank\">Silbersky<\/a> <a href=\"http:\/\/www.aftonbladet.se\/nyheter\/article7742196.ab\" target=\"_blank\">som<\/a> <a href=\"http:\/\/www.dn.se\/nyheter\/sverige\/assange-vill-byta-ut-silbersky-1.1166417\" target=\"_blank\">sin<\/a> <a href=\"http:\/\/www.svd.se\/nyheter\/inrikes\/assange-vill-byta-ut-sin-advokat_5272505.svd\" target=\"_blank\">f\u00f6rsvarare<\/a>, <a href=\"http:\/\/www.gp.se\/nyheter\/sverige\/1.441234-assange-byter-ut-silbersky\" target=\"_blank\">sa killarna<\/a> <a href=\"http:\/\/hd.se\/inrikes\/2010\/09\/07\/krav-pa-att-assange-tar-time-out\/\" target=\"_blank\">framf\u00f6r mig p\u00e5<\/a> bussen. De b\u00e5da var djupt inne i fallet Julian Assange. Den ene killen var helt \u00f6vertygad om att Julian Assange \u00e4r skyldig och den andre var \u00f6vertygad om att Julian Assange var oskyldig.<\/p>\n<p>Jag skall erk\u00e4nna en sak, jag vet inte ut eller in, jag har inte bildat mig en uppfattning. Fast just det d\u00e4r citatet &#8220;Bara skyldiga v\u00e4ljer Leif Silbersky&#8221; fick mig att fundera. Ligger det n\u00e5got i det p\u00e5st\u00e5endet?<\/p>\n<p>F\u00f6r mig \u00e4r det alltid de d\u00e4r stora m\u00e5len som Leif Silbersky \u00e4r aktiva i. Ibland s\u00e5 k\u00e4nns det som hans klienter \u00e4r extremt skyldiga och ibland \u00e4r det tv\u00e4rtom. Fast bland den unga generationen s\u00e5 tycks varum\u00e4rket Leif Silbersky vara samma sak som skyldig. Kanske \u00e4r det detta som personer kring Julian Assange har upplevt. Varum\u00e4rket var en belastning bland k\u00e4rntrupperna. Sj\u00e4lv tror jag Leif Silbersky  tackar jag till de fall som ger en utmaning. Det hade jag gjort som advokat.<\/p>\n","protected":false},"excerpt":{"rendered":"<p>Bara skyldiga v\u00e4ljer Leif Silbersky som sin f\u00f6rsvarare, sa killarna framf\u00f6r mig p\u00e5 bussen. De b\u00e5da var djupt inne i fallet Julian Assange. Den ene killen var helt \u00f6vertygad om att Julian Assange \u00e4r skyldig och den andre var \u00f6vertygad om att Julian Assange var oskyldig. Jag skall erk\u00e4nna en sak, jag vet inte ut [&hellip;]<\/p>\n","protected":false},"author":1,"featured_media":0,"comment_status":"open","ping_status":"open","sticky":false,"template":"","format":"standard","meta":{"footnotes":""},"categories":[115,110],"tags":[393,392,1760,1759],"class_list":["post-479","post","type-post","status-publish","format-standard","hentry","category-media","category-varumarke","tag-julian-assange","tag-leif-silbersky","tag-media","tag-varumarke"],"aioseo_notices":[],"_links":{"self":[{"href":"https:\/\/www.creativedirector.se\/blog\/wp-json\/wp\/v2\/posts\/479","targetHints":{"allow":["GET"]}}],"collection":[{"href":"https:\/\/www.creativedirector.se\/blog\/wp-json\/wp\/v2\/posts"}],"about":[{"href":"https:\/\/www.creativedirector.se\/blog\/wp-json\/wp\/v2\/types\/post"}],"author":[{"embeddable":true,"href":"https:\/\/www.creativedirector.se\/blog\/wp-json\/wp\/v2\/users\/1"}],"replies":[{"embeddable":true,"href":"https:\/\/www.creativedirector.se\/blog\/wp-json\/wp\/v2\/comments?post=479"}],"version-history":[{"count":2,"href":"https:\/\/www.creativedirector.se\/blog\/wp-json\/wp\/v2\/posts\/479\/revisions"}],"predecessor-version":[{"id":481,"href":"https:\/\/www.creativedirector.se\/blog\/wp-json\/wp\/v2\/posts\/479\/revisions\/481"}],"wp:attachment":[{"href":"https:\/\/www.creativedirector.se\/blog\/wp-json\/wp\/v2\/media?parent=479"}],"wp:term":[{"taxonomy":"category","embeddable":true,"href":"https:\/\/www.creativedirector.se\/blog\/wp-json\/wp\/v2\/categories?post=479"},{"taxonomy":"post_tag","embeddable":true,"href":"https:\/\/www.creativedirector.se\/blog\/wp-json\/wp\/v2\/tags?post=479"}],"curies":[{"name":"wp","href":"https:\/\/api.w.org\/{rel}","templated":true}]}}