{"id":477,"date":"2010-09-08T13:42:53","date_gmt":"2010-09-08T11:42:53","guid":{"rendered":"http:\/\/www.creativedirector.se\/blog\/?p=477"},"modified":"2010-09-08T13:42:53","modified_gmt":"2010-09-08T11:42:53","slug":"mona-sahlin-en-amator-pa-sociala-medier","status":"publish","type":"post","link":"https:\/\/www.creativedirector.se\/blog\/2010\/09\/08\/mona-sahlin-en-amator-pa-sociala-medier\/","title":{"rendered":"Mona Sahlin, en amat\u00f6r p\u00e5 Sociala medier"},"content":{"rendered":"<p><img decoding=\"async\" class=\"alignnone\" src=\"http:\/\/img.skitch.com\/20100906-fwcmcxijejpbdjbwhpf1ryguiy.jpg\" alt=\"Mona Sahlin, en amat\u00f6r p\u00e5 sociala medier\" width=\"680\" height=\"690\" \/><br \/>\n<a href=\"http:\/\/www.sydsvenskan.se\/val2010\/article1231283\/Alliansen-drygar-ut-ledningen.html\" target=\"_blank\"> Om<\/a> <a href=\"http:\/\/www.sydsvenskan.se\/val2010\/article1230600\/Chatta-med-Vansterpartiet.html\" target=\"_blank\">du<\/a> <a href=\"http:\/\/www.sydsvenskan.se\/val2010\/article1230388\/Oppna-famnen-for-Sahlin-hos-Yalla.html\" target=\"_blank\">skall<\/a> <a href=\"http:\/\/www.dn.se\/nyheter\/valet2010\/alla-utspelen-lyfter-fp-1.1166588\" target=\"_blank\">g\u00f6ra<\/a> <a href=\"http:\/\/www.dn.se\/nyheter\/valet2010\/ohly-haller-hart-pa-att-foraldrar-ska-dela-lika-1.1166612\" target=\"_blank\">n\u00e5got,<\/a> <a href=\"http:\/\/www.svd.se\/opinion\/brannpunkt\/tar-du-emot-sds-stod-reinfeldt_5277189.svd\" target=\"_blank\">l\u00e4gg<\/a> <a href=\"http:\/\/www.svd.se\/nyheter\/inrikes\/klart-overtag-for-alliansen_5275967.svd\" target=\"_blank\">d\u00e5<\/a> <a href=\"http:\/\/www.svd.se\/opinion\/ledarsidan\/en-sjalvbild-som-behover-uppdateras_5275887.svd\" target=\"_blank\">ner<\/a> <a href=\"http:\/\/www.svd.se\/nyheter\/politik\/valet2010\/analys-olofsson-kom-undan-med-det-latta-svaret_5274909.svd\" target=\"_blank\">din<\/a> <a href=\"http:\/\/www.svd.se\/nyheter\/politik\/valet2010\/regerar-aldrig-med-kommunisterna_5273751.svd\" target=\"_blank\">sj\u00e4l.<\/a> <a href=\"http:\/\/www.gp.se\/nyheter\/valet2010\/1.441543-klart-overtag-for-alliansen\" target=\"_blank\">Har<\/a> <a href=\"http:\/\/www.gp.se\/nyheter\/valet2010\/1.441547-goda-betyg-for-maud-olofsson\" target=\"_blank\">du<\/a> <a href=\"http:\/\/www.gp.se\/nyheter\/valet2010\/1.441404-absolut-c-nej-till-kommunister\" target=\"_blank\">inte<\/a> <a href=\"http:\/\/hd.se\/inrikes\/2010\/09\/08\/sd-ledaren-5-000-ar-nog\/\" target=\"_blank\">tid\/<\/a><a href=\"http:\/\/hd.se\/inrikes\/2010\/09\/08\/nagra-snabba-med-jimmie-akesson\/\" target=\"_blank\">vilja\/<\/a><a href=\"http:\/\/hd.se\/inrikes\/2010\/09\/08\/reinfeldt-rut-avdrag-en-vinnare\/\" target=\"_blank\">kunskap<\/a> <a href=\"http:\/\/www.expressen.se\/nyheter\/1.2126574\/de-ska-radda-mona-sahlin-och-socialdemokraterna\" target=\"_blank\">att<\/a> <a href=\"http:\/\/www.expressen.se\/nyheter\/val2010\/1.2126573\/nu-far-mona-sahlin-mer-hjalp-fran-norge\" target=\"_blank\">l\u00e4gga<\/a> <a href=\"http:\/\/www.expressen.se\/nyheter\/val2010\/1.2126279\/olofsson-aldrig-att-jag-sitter-med-en-kommunist\" target=\"_blank\">ner<\/a><a href=\"http:\/\/www.aftonbladet.se\/debatt\/debattamnen\/skola\/article7745790.ab\" target=\"_blank\"> din<\/a> <a href=\"http:\/\/www.aftonbladet.se\/nyheter\/valet2010\/article7744589.ab\" target=\"_blank\">sj\u00e4l,<\/a> <a href=\"http:\/\/www.aftonbladet.se\/nyheter\/valet2010\/socialdemokraterna\/article7744695.ab\" target=\"_blank\">l\u00e5t<\/a> <a href=\"http:\/\/www.aftonbladet.se\/nyheter\/valet2010\/article7744603.ab\" target=\"_blank\">d\u00e5<\/a> <a href=\"http:\/\/kalmardamen.blogg.se\/2010\/september\/samsta-mojliga-betyg-for-maud-olofsson.html\" target=\"_blank\">bli!<\/a> <a href=\"http:\/\/viktor.cafe.se\/att-bota-halsfluss-med-cellgifter\/\" target=\"_blank\">Socialdemokraternas<\/a> <a href=\"http:\/\/tokmoderaten.blogspot.com\/2010\/09\/mona-och-de-dammiga-makthavarna.html \" target=\"_blank\">partiledare<\/a> <a href=\"http:\/\/www.s-info.se\/page\/blogg.asp?id=1311&amp;blogg=45431\" target=\"_blank\">Mona<\/a> <a href=\"http:\/\/pamflett.wordpress.com\/2010\/09\/08\/sahlins-stoltenbergs-och-eliassons-framtradanden-i-nordstan-nu-som-videoklipp\/\" target=\"_blank\">Sahlin<\/a> <a href=\"http:\/\/www.matssander.se\/2010\/09\/sirkus-sahlin-\u2013-11-dagar-kvar-\u2013-maud\/\" target=\"_blank\">har<\/a> <a href=\"http:\/\/franksblogg.centerpartiet.net\/2010\/09\/08\/maud\u00b4s-erfarenhet-knacker-de-andra\/\" target=\"_blank\">visat<\/a> <a href=\"http:\/\/germundandersson.blogspot.com\/2010\/09\/nya-ledare-ny-moral.html\" target=\"_blank\">p\u00e5<\/a> <a href=\"http:\/\/annhelenarudberg1.blogspot.com\/2010\/09\/katastrofval-for-sossarna.html\" target=\"_blank\">hur<\/a> <a href=\"http:\/\/blogg.svd.se\/pj?id=20447\" target=\"_blank\">man<\/a><a href=\"http:\/\/yaublog.blogspot.com\/2010\/09\/filtrerad.html \" target=\"_blank\"> inte<\/a> <a href=\"http:\/\/bjorndahl-moderat.blogspot.com\/2010\/09\/skjut-inte-pianisten.html\" target=\"_blank\">skall<\/a> <a href=\"http:\/\/winningtrading.vinnarbyran.se\/stockholmsborsen-inleder-svagt-nedat-men-vander-upp\" target=\"_blank\">g\u00f6ra<\/a> <a href=\"http:\/\/medborgarperspektiv.blogspot.com\/2010\/09\/socialdemokraterna-inte-langre-ett.html\" target=\"_blank\">med<\/a> <a href=\"http:\/\/ligator.wordpress.com\/2010\/09\/08\/arets-forsta-eftervalsanalys\/\" target=\"_blank\">sociala<\/a> <a href=\"http:\/\/ullahamilton.se\/2010\/09\/08\/pa-tal-pm-fusk\/\" target=\"_blank\">medier.<\/a> <a href=\"http:\/\/thomasbohlmark.blogspot.com\/2010\/09\/ohly-bra-for-alliansen-dalig-for.html\" target=\"_blank\">\u00c4r<\/a> <a href=\"http:\/\/www.s-info.se\/page\/blogg.asp?id=1312&amp;blogg=45423\" target=\"_blank\">du<\/a> <a href=\"http:\/\/scabernestor.blogg.se\/2010\/september\/det-ar-inte-ens-sa-kasst-sa-det-ar-roligt-de.html\" target=\"_blank\">d\u00e4r,<\/a> <a href=\"http:\/\/johanorjes.blogspot.com\/2010\/09\/hon-kan-sina-saker.html\" target=\"_blank\">d\u00e5<\/a> <a href=\"http:\/\/hakantyckeri.blogspot.com\/2010\/09\/lars-ohly-ar-sossarnas-sanke.html\" target=\"_blank\">skall<\/a> <a href=\"http:\/\/hagwall.wordpress.com\/2010\/09\/07\/rodgronrod-rota\/\" target=\"_blank\">det<\/a> <a href=\"http:\/\/blogg.expressen.se\/opinionsbloggen\/entry.jsp?messid=620009\" target=\"_blank\">vara<\/a> <a href=\"http:\/\/www.s-info.se\/page\/blogg.asp?id=1311&amp;blogg=45421\" target=\"_blank\">du<\/a> <a href=\"http:\/\/lukas-romson.blogspot.com\/2010\/09\/maud-tyckte-det-var-viktigare-att-ta.html\" target=\"_blank\">som<\/a> <a href=\"http:\/\/blogg.svd.se\/ledarbloggen?id=20440\" target=\"_blank\">person.<\/a> Att l\u00e5ta sp\u00f6kskrivare skiva, d\u00e5 det blir det pannkaka.<\/p>\n<p>G\u00f6ran H\u00e4gglund \u00e4r grymt bra p\u00e5 detta. Att vara aktiv p\u00e5 sociala medier. Han \u00e4r inte bara minister, han \u00e4r partiledare med. S\u00e5 kan G\u00f6ran H\u00e4gglund s\u00e5 kan Mona Sahlin med. S\u00e5 enkelt \u00e4r det.<\/p>\n<p>Saknar flera partiledare p\u00e5 Twitter. Maud Olofsson \u00e4r en. Jag \u00e4r \u00f6vertygad att n\u00e4rvaro p\u00e5 twitter och andra sociala medier hade dragit fler r\u00f6ster \u00e4n partiledarutfr\u00e5gningen i SVT. F\u00f6r det \u00e4r bara de redan \u00f6vertygade som h\u00e5ller med.<\/p>\n<p>Fast Mona Sahlin har ju Lars Ohly som god v\u00e4n p\u00e5 twitter. Lars Ohlys n\u00e4rvaro \u00e4r ett s\u00e5dant sk\u00e4mt att jag inte finner ord&#8230;<\/p>\n<p>M\u00e5nga p\u00e5st\u00e5r att sociala medier inte p\u00e5verkar valet, jag \u00e4r inte alls enig om det. M\u00e5nga har sl\u00e4ngt ut tvn, det l\u00e4ses mindre tidningar och de flesta vill ha en direktkontakt med partiledarna. Twitter och andra sociala medier \u00e4r perfekt f\u00f6r detta och det tar liten tid i j\u00e4mf\u00f6relse med annan typ av kampanjande! De ungas r\u00f6ster vinner man inte p\u00e5 tv-debatt, det \u00e4r one to one som g\u00e4ller. Folkligheten tycks KD skaffat monopol p\u00e5. Det trodde jag inte skulle ske i den h\u00e4r valr\u00f6relsen. Ingen annan \u00e4n KD som tittat p\u00e5 Obama?<\/p>\n","protected":false},"excerpt":{"rendered":"<p>Om du skall g\u00f6ra n\u00e5got, l\u00e4gg d\u00e5 ner din sj\u00e4l. Har du inte tid\/vilja\/kunskap att l\u00e4gga ner din sj\u00e4l, l\u00e5t d\u00e5 bli! Socialdemokraternas partiledare Mona Sahlin har visat p\u00e5 hur man inte skall g\u00f6ra med sociala medier. \u00c4r du d\u00e4r, d\u00e5 skall det vara du som person. Att l\u00e5ta sp\u00f6kskrivare skiva, d\u00e5 det blir det [&hellip;]<\/p>\n","protected":false},"author":1,"featured_media":0,"comment_status":"open","ping_status":"open","sticky":false,"template":"","format":"standard","meta":{"footnotes":""},"categories":[50],"tags":[1750,342,1769,391,327],"class_list":["post-477","post","type-post","status-publish","format-standard","hentry","category-politik","tag-kampanj","tag-mona-sahlin","tag-sociala-medier","tag-val2010","tag-valrorelsen"],"aioseo_notices":[],"_links":{"self":[{"href":"https:\/\/www.creativedirector.se\/blog\/wp-json\/wp\/v2\/posts\/477","targetHints":{"allow":["GET"]}}],"collection":[{"href":"https:\/\/www.creativedirector.se\/blog\/wp-json\/wp\/v2\/posts"}],"about":[{"href":"https:\/\/www.creativedirector.se\/blog\/wp-json\/wp\/v2\/types\/post"}],"author":[{"embeddable":true,"href":"https:\/\/www.creativedirector.se\/blog\/wp-json\/wp\/v2\/users\/1"}],"replies":[{"embeddable":true,"href":"https:\/\/www.creativedirector.se\/blog\/wp-json\/wp\/v2\/comments?post=477"}],"version-history":[{"count":7,"href":"https:\/\/www.creativedirector.se\/blog\/wp-json\/wp\/v2\/posts\/477\/revisions"}],"predecessor-version":[{"id":494,"href":"https:\/\/www.creativedirector.se\/blog\/wp-json\/wp\/v2\/posts\/477\/revisions\/494"}],"wp:attachment":[{"href":"https:\/\/www.creativedirector.se\/blog\/wp-json\/wp\/v2\/media?parent=477"}],"wp:term":[{"taxonomy":"category","embeddable":true,"href":"https:\/\/www.creativedirector.se\/blog\/wp-json\/wp\/v2\/categories?post=477"},{"taxonomy":"post_tag","embeddable":true,"href":"https:\/\/www.creativedirector.se\/blog\/wp-json\/wp\/v2\/tags?post=477"}],"curies":[{"name":"wp","href":"https:\/\/api.w.org\/{rel}","templated":true}]}}