{"id":471,"date":"2010-09-06T15:26:41","date_gmt":"2010-09-06T13:26:41","guid":{"rendered":"http:\/\/www.creativedirector.se\/blog\/?p=471"},"modified":"2010-09-06T15:26:41","modified_gmt":"2010-09-06T13:26:41","slug":"pinsamt-ytterst-pinsamt-forsman-bodenfors-inkompetens","status":"publish","type":"post","link":"https:\/\/www.creativedirector.se\/blog\/2010\/09\/06\/pinsamt-ytterst-pinsamt-forsman-bodenfors-inkompetens\/","title":{"rendered":"Pinsamt, ytterst pinsamt Forsman Bodenfors, inkompetens?"},"content":{"rendered":"<p><img decoding=\"async\" class=\"alignnone\" src=\"http:\/\/img.skitch.com\/20100906-gicma8j35gpnh3iakwa4j6bx6g.jpg\" alt=\"Forsman Bodenfors ren inkompetens med Comviq kompis och Tele2, sk\u00e4ms p\u00e5 er!\" width=\"680\" height=\"446\" \/><\/p>\n<p><a href=\"http:\/\/www.resume.se\/nyheter\/2010\/09\/06\/det-var-en-felbedomning\/\" target=\"_blank\">N\u00e4r<\/a> <a href=\"http:\/\/www.resume.se\/nyheter\/2010\/09\/06\/comviq-stoppar-mobbningsfi\/\" target=\"_blank\">en<\/a> <a href=\"http:\/\/www.resume.se\/nyheter\/2010\/09\/03\/mobbningsfilm-vacker-raser\/\" target=\"_blank\">av<\/a> <a href=\"http:\/\/www.dagensmedia.se\/nyheter\/tv\/article2467226.ece\" target=\"_blank\">de<\/a> <a href=\"http:\/\/www.dagensmedia.se\/nyheter\/tv\/article2466326.ece\" target=\"_blank\">mest<\/a> <a href=\"http:\/\/lakonism.blogspot.com\/2010\/09\/ar-du-inte-kund-hos-oss-da-ar-du-en.html \" target=\"_blank\">v\u00e4lk\u00e4nda<\/a> <a href=\"http:\/\/samesamebutdifferent.se\/2010\/09\/05\/veckan-som-gick-vecka-35-2\/\" target=\"_blank\">byr\u00e5erna,<\/a> <a href=\"http:\/\/soldatmamma.blogspot.com\/2010\/09\/ovanligt-blast.html\" target=\"_blank\">Forsman<\/a> <a href=\"http:\/\/www.creativedirector.se\/blog\/comviq-bara-korkade-koper-tjanster-ifran-tele-2\/\" target=\"_blank\">Bodenfors,<\/a> <a href=\"http:\/\/blogg.aftonbladet.se\/mobbning\/2010\/09\/krankande-reklamfilm-forsvarar-vart-arbete\" target=\"_blank\">lyckas<\/a> <a href=\"http:\/\/pillanp.blogg.se\/2010\/september\/ok-med-mobbing.html\" target=\"_blank\">sl\u00e4ppa<\/a> <a href=\"http:\/\/blogg.lampan.com\/?p=520\" target=\"_blank\">igenom en<\/a><a href=\"http:\/\/bloggoholicen.blogspot.com\/2010\/09\/comviq-reklamen.html \" target=\"_blank\"> reklamfilm<\/a> <a href=\"http:\/\/martinfunderar.blogspot.com\/2010\/09\/tele2-kor-mobbningsreklam.html\" target=\"_blank\">som \u00e4r<\/a> <a href=\"http:\/\/www.text.nu\/nyheter-trender\/comviq-gor-parodi-pa-radiotjanst-i-en-ny-reklamfilm-med-kors.html\" target=\"_blank\">s\u00e5 f\u00f6rf\u00e4rlig,<\/a> <a href=\"http:\/\/glennfalk.blogspot.com\/2010\/09\/flytta-tillbaka-gransen-for-chock.html\" target=\"_blank\">d\u00e5 kan man fr\u00e5ga sig om det beror p\u00e5 inkompetens?<\/a> F\u00f6r vilken normal person tolkar in n\u00e5got annat n\u00e4r den f\u00f6rst skall anv\u00e4ndas och sen dras tillbaka med svansen mellan benen? Finns det ingen kvalitetskontroll? Finns det ingen byr\u00e5chef med verklighetskontakt kvar?<\/p>\n<p>Den h\u00e4r reklamfilmen skulle aldrig sett dagens ljus. Den skulle stoppats p\u00e5 id\u00e9stadiet. Om inte folk p\u00e5 Forsman Bodenfors sett det, s\u00e5 m\u00e5ste ju kunden se det. Fast kunden har v\u00e4l med varit helt h\u00e4nf\u00f6rd av beundran f\u00f6r byr\u00e5n och t\u00e4nkt om han g\u00f6r ett bra jobb som marknadschef, finns en chans f\u00f6r jobb p\u00e5 byr\u00e5n. Ja, ni ser vart jag vill komma. Alla \u00e4r s\u00e5 s\u00e4kra p\u00e5 att det som de g\u00f6r \u00e4r det riktiga, att de inte ser att det \u00e4r helt fel. Problemet har funnits d\u00e4r under ytan under m\u00e5nga \u00e5r, men ofta \u00e4r det n\u00e5gon klok person som s\u00e4ger stopp. Jag har sj\u00e4lv sagt stopp, flera g\u00e5nger. S\u00e5 innan produktion, ha ett etiskt r\u00e5d som tittar p\u00e5 f\u00f6rslaget av kampanj. D\u00e5 slipper ni st\u00e5 d\u00e4r med byxorna nere Forsman Bodenfors.<\/p>\n<p>Varum\u00e4rket Comviq har aldrig varit vidare h\u00f6gt, s\u00e5 det tar inte s\u00e5 stor skada, men f\u00f6r Forsman Bodenfors \u00e4r det en annan femma. Detta \u00e4r ett sj\u00e4lvm\u00e5l som de kommer f\u00e5 dras med l\u00e4nge. Vem f\u00e5r nu en ny karri\u00e4r som hygientekniker? F\u00f6r reklam skall de ansvariga inte jobba med.<\/p>\n<p>Ps. Forsman Bodenfors, n\u00e4r skall ni komma in i 2000-talet och skrota flash? Flash anv\u00e4nds inte f\u00f6r att g\u00f6ra en hel hemsida\u2026. ds.<\/p>\n","protected":false},"excerpt":{"rendered":"<p>N\u00e4r en av de mest v\u00e4lk\u00e4nda byr\u00e5erna, Forsman Bodenfors, lyckas sl\u00e4ppa igenom en reklamfilm som \u00e4r s\u00e5 f\u00f6rf\u00e4rlig, d\u00e5 kan man fr\u00e5ga sig om det beror p\u00e5 inkompetens? F\u00f6r vilken normal person tolkar in n\u00e5got annat n\u00e4r den f\u00f6rst skall anv\u00e4ndas och sen dras tillbaka med svansen mellan benen? Finns det ingen kvalitetskontroll? Finns det [&hellip;]<\/p>\n","protected":false},"author":1,"featured_media":0,"comment_status":"open","ping_status":"open","sticky":false,"template":"","format":"standard","meta":{"footnotes":""},"categories":[1,110],"tags":[365,386,1746,387,15,364,1759],"class_list":["post-471","post","type-post","status-publish","format-standard","hentry","category-uncategorized","category-varumarke","tag-comviq","tag-forsman-bodenfors","tag-marknadsforing","tag-mobbning","tag-reklam-2","tag-tele2","tag-varumarke"],"aioseo_notices":[],"_links":{"self":[{"href":"https:\/\/www.creativedirector.se\/blog\/wp-json\/wp\/v2\/posts\/471","targetHints":{"allow":["GET"]}}],"collection":[{"href":"https:\/\/www.creativedirector.se\/blog\/wp-json\/wp\/v2\/posts"}],"about":[{"href":"https:\/\/www.creativedirector.se\/blog\/wp-json\/wp\/v2\/types\/post"}],"author":[{"embeddable":true,"href":"https:\/\/www.creativedirector.se\/blog\/wp-json\/wp\/v2\/users\/1"}],"replies":[{"embeddable":true,"href":"https:\/\/www.creativedirector.se\/blog\/wp-json\/wp\/v2\/comments?post=471"}],"version-history":[{"count":3,"href":"https:\/\/www.creativedirector.se\/blog\/wp-json\/wp\/v2\/posts\/471\/revisions"}],"predecessor-version":[{"id":474,"href":"https:\/\/www.creativedirector.se\/blog\/wp-json\/wp\/v2\/posts\/471\/revisions\/474"}],"wp:attachment":[{"href":"https:\/\/www.creativedirector.se\/blog\/wp-json\/wp\/v2\/media?parent=471"}],"wp:term":[{"taxonomy":"category","embeddable":true,"href":"https:\/\/www.creativedirector.se\/blog\/wp-json\/wp\/v2\/categories?post=471"},{"taxonomy":"post_tag","embeddable":true,"href":"https:\/\/www.creativedirector.se\/blog\/wp-json\/wp\/v2\/tags?post=471"}],"curies":[{"name":"wp","href":"https:\/\/api.w.org\/{rel}","templated":true}]}}