{"id":446,"date":"2010-09-04T16:19:15","date_gmt":"2010-09-04T14:19:15","guid":{"rendered":"http:\/\/www.creativedirector.se\/blog\/?p=446"},"modified":"2010-09-04T16:19:37","modified_gmt":"2010-09-04T14:19:37","slug":"comviq-bara-korkade-koper-tjanster-ifran-tele-2","status":"publish","type":"post","link":"https:\/\/www.creativedirector.se\/blog\/2010\/09\/04\/comviq-bara-korkade-koper-tjanster-ifran-tele-2\/","title":{"rendered":"Comviq &#8211; Bara korkade k\u00f6per tj\u00e4nster ifr\u00e5n Tele 2"},"content":{"rendered":"<p><object classid=\"clsid:d27cdb6e-ae6d-11cf-96b8-444553540000\" width=\"679\" height=\"407\" codebase=\"http:\/\/download.macromedia.com\/pub\/shockwave\/cabs\/flash\/swflash.cab#version=6,0,40,0\"><param name=\"allowFullScreen\" value=\"true\" \/><param name=\"allowscriptaccess\" value=\"always\" \/><param name=\"src\" value=\"http:\/\/www.youtube.com\/v\/SE95mBzPO4Y?fs=1&amp;hl=sv_SE&amp;rel=0\" \/><param name=\"allowfullscreen\" value=\"true\" \/><embed type=\"application\/x-shockwave-flash\" width=\"679\" height=\"407\" src=\"http:\/\/www.youtube.com\/v\/SE95mBzPO4Y?fs=1&amp;hl=sv_SE&amp;rel=0\" allowscriptaccess=\"always\" allowfullscreen=\"true\"><\/embed><\/object><\/p>\n<p><a href=\"http:\/\/glennfalk.blogspot.com\/2010\/09\/flytta-tillbaka-gransen-for-chock.html\" target=\"_blank\">Comiq\/Tele2<\/a> <a href=\"http:\/\/julianapersson.blogspot.com\/2010\/09\/skitreklam.html\" target=\"_blank\">visar p\u00e5 nytt<\/a><a href=\"http:\/\/www.resume.se\/nyheter\/2010\/09\/03\/mobbningsfilm-vacker-raser\/\" target=\"_blank\"> att de \u00e4r<\/a> e<a href=\"http:\/\/soldatmamma.blogspot.com\/2010\/09\/ovanligt-blast.html\" target=\"_blank\">tt oseri\u00f6st bolag.<\/a> <a href=\"http:\/\/www.aftonbladet.se\/nyheter\/article7725834.ab\" target=\"_blank\">Deras mobbing reklam \u00e4r bland<\/a><a href=\"http:\/\/www.dagensmedia.se\/nyheter\/tv\/article2466326.ece\" target=\"_blank\"> det mest osmakliga jag sett n\u00e5gonsin<\/a>. Att g\u00f6ra n\u00e5got s\u00e5 h\u00e4r puckat, \u00e4r f\u00f6r mig obeskrivligt. Ansvariga borde omedelbart s\u00f6ka sig till en b\u00e4ttre karri\u00e4r som hygientekniker eller liknande.<\/p>\n<p>F\u00f6r denna typ av reklam ger bra en d\u00e5lig smak i munnen. Det drar ner v\u00e5r yrkesk\u00e5r i skiten och \u00f6kar hatet emot oss som jobbar med reklam.<\/p>\n<p>Forsman &amp; Bodenfors har flera g\u00e5nger visat att de inte har en hum om vad bra hantverk handlar om. De borde sk\u00e4mmas.<\/p>\n<p>F\u00f6r ville de bygga p\u00e5 ironi, g\u00f6r det d\u00e5 s\u00e5 det g\u00e5r fram. Det g\u00e5r inte fram ens om man anstr\u00e4nger sig. Det \u00e4r s\u00e5 underm\u00e5ligt att jag inte f\u00f6rst\u00e5r att den ens n\u00e5tt offentlighetens ljus. Best\u00e4llaren Frippe Stenberg borde byta bransch, f\u00f6r detta \u00e4r en d\u00f6dsst\u00f6t emot m\u00e5lgruppen. F\u00f6r vad han \u00e4n s\u00e4ger, s\u00e5 visar filmen att mobbing \u00e4r ok och det \u00e4r s\u00e5 man skall behandla sina medm\u00e4nniskor&#8230; Fy fan Tele2\/ Comviq! Bojkott \u00e4r enda v\u00e4gen fram\u00e5t!<\/p>\n","protected":false},"excerpt":{"rendered":"<p>Comiq\/Tele2 visar p\u00e5 nytt att de \u00e4r ett oseri\u00f6st bolag. Deras mobbing reklam \u00e4r bland det mest osmakliga jag sett n\u00e5gonsin. Att g\u00f6ra n\u00e5got s\u00e5 h\u00e4r puckat, \u00e4r f\u00f6r mig obeskrivligt. Ansvariga borde omedelbart s\u00f6ka sig till en b\u00e4ttre karri\u00e4r som hygientekniker eller liknande. F\u00f6r denna typ av reklam ger bra en d\u00e5lig smak i [&hellip;]<\/p>\n","protected":false},"author":1,"featured_media":0,"comment_status":"open","ping_status":"open","sticky":false,"template":"","format":"standard","meta":{"footnotes":""},"categories":[5],"tags":[365,367,209,366,364],"class_list":["post-446","post","type-post","status-publish","format-standard","hentry","category-reklamfilm","tag-comviq","tag-mobbing","tag-mobiltelefoni","tag-tele-2","tag-tele2"],"aioseo_notices":[],"_links":{"self":[{"href":"https:\/\/www.creativedirector.se\/blog\/wp-json\/wp\/v2\/posts\/446","targetHints":{"allow":["GET"]}}],"collection":[{"href":"https:\/\/www.creativedirector.se\/blog\/wp-json\/wp\/v2\/posts"}],"about":[{"href":"https:\/\/www.creativedirector.se\/blog\/wp-json\/wp\/v2\/types\/post"}],"author":[{"embeddable":true,"href":"https:\/\/www.creativedirector.se\/blog\/wp-json\/wp\/v2\/users\/1"}],"replies":[{"embeddable":true,"href":"https:\/\/www.creativedirector.se\/blog\/wp-json\/wp\/v2\/comments?post=446"}],"version-history":[{"count":6,"href":"https:\/\/www.creativedirector.se\/blog\/wp-json\/wp\/v2\/posts\/446\/revisions"}],"predecessor-version":[{"id":452,"href":"https:\/\/www.creativedirector.se\/blog\/wp-json\/wp\/v2\/posts\/446\/revisions\/452"}],"wp:attachment":[{"href":"https:\/\/www.creativedirector.se\/blog\/wp-json\/wp\/v2\/media?parent=446"}],"wp:term":[{"taxonomy":"category","embeddable":true,"href":"https:\/\/www.creativedirector.se\/blog\/wp-json\/wp\/v2\/categories?post=446"},{"taxonomy":"post_tag","embeddable":true,"href":"https:\/\/www.creativedirector.se\/blog\/wp-json\/wp\/v2\/tags?post=446"}],"curies":[{"name":"wp","href":"https:\/\/api.w.org\/{rel}","templated":true}]}}