{"id":422,"date":"2010-09-01T15:02:01","date_gmt":"2010-09-01T15:02:01","guid":{"rendered":"http:\/\/www.creativedirector.se\/blog\/?p=422"},"modified":"2010-09-01T17:14:12","modified_gmt":"2010-09-01T17:14:12","slug":"den-smutsiga-valrorelsen-negativ-kampanj-ovardig-kampanjmetoden","status":"publish","type":"post","link":"https:\/\/www.creativedirector.se\/blog\/2010\/09\/01\/den-smutsiga-valrorelsen-negativ-kampanj-ovardig-kampanjmetoden\/","title":{"rendered":"Den smutsiga valr\u00f6relsen &#8211; Negativ kampanj, ov\u00e4rdig kampanjmetod"},"content":{"rendered":"<p><img decoding=\"async\" class=\"alignnone\" src=\"http:\/\/img.skitch.com\/20100901-dxhhtnn1s6h5ir24w33s2xac7r.jpg\" alt=\"Paret Reinfeldt, ny m\u00e5ltavla av socialdemokraternas negativa kampanj\" width=\"680\" height=\"338\" \/><\/p>\n<p><a href=\"http:\/\/www.resume.se\/nyheter\/2010\/09\/01\/s-gar-till-personangrepp\/\" target=\"_blank\">Valr\u00f6relsen<\/a> <a href=\"http:\/\/www.resume.se\/nyheter\/2010\/09\/01\/klart-i-dag-tv4-sander-sds\/\" target=\"_blank\">b\u00f6rjar<\/a> <a href=\"http:\/\/www.resume.se\/nyheter\/2010\/09\/01\/helt-ratt-och-riktigt\/\" target=\"_blank\">\u00f6ka<\/a> <a href=\"http:\/\/www.resume.se\/nyheter\/2010\/09\/01\/har-ar-sds-nya-reklamfilm\/\" target=\"_blank\">tempot.<\/a> <a href=\"http:\/\/www.resume.se\/nyheter\/2010\/09\/01\/tv4-pa-vag-att-godkanna-ny\/\" target=\"_blank\">Det<\/a> <a href=\"http:\/\/www.dagensmedia.se\/nyheter\/tv\/article2464593.ece\" target=\"_blank\">m\u00e4rks<\/a> <a href=\"http:\/\/www.dagensmedia.se\/asikter\/debatt\/article2464507.ece\" target=\"_blank\">inte<\/a> <a href=\"http:\/\/www.resume.se\/nyheter\/2010\/08\/31\/reklamen-inte-alls-avgoran\/\" target=\"_blank\">minst<\/a> <a href=\"http:\/\/www.dagensmedia.se\/nyheter\/tv\/article2464027.ece\" target=\"_blank\">bland<\/a> <a href=\"http:\/\/www.svd.se\/nyheter\/politik\/valet2010\/nu-har-valjarna-tva-tydliga-val_5228311.svd\" target=\"_blank\">alla<\/a> <a href=\"http:\/\/www.expressen.se\/nyheter\/val2010\/1.2117734\/hemliga-matningen-bakom-rodgrona-forslaget\" target=\"_blank\">ungdomsf\u00f6rbund<\/a> <a href=\"http:\/\/www.expressen.se\/nyheter\/val2010\/1.2117597\/sahlins-miljardmisstag\" target=\"_blank\">som<\/a><a href=\"http:\/\/www.expressen.se\/nyheter\/val2010\/1.2117864\/fortidsrostningen-inledd-i-sverige\" target=\"_blank\"> redan<\/a> <a href=\"http:\/\/www.expressen.se\/nyheter\/val2010\/1.2117595\/s-kampanj-fornedrar-reinfeldts-ekonomi\" target=\"_blank\">\u00e4r<\/a> <a href=\"http:\/\/blogg.expressen.se\/opinionsbloggen\/entry.jsp?messid=618735\" target=\"_blank\">ute<\/a> <a href=\"http:\/\/www.dn.se\/nyheter\/valet2010\/centern-har-tappat-var-tredje-valjare-1.1163158\" target=\"_blank\">och<\/a> <a href=\"http:\/\/www.dn.se\/nyheter\/valet2010\/tv-4-sander-omarbetad-sd-film-1.1163178\" target=\"_blank\">k\u00f6r<\/a> <a href=\"http:\/\/www.gp.se\/nyheter\/sverige\/1.437085-tv-4-sander-omarbetad-sd-film\" target=\"_blank\">mer<\/a> <a href=\"http:\/\/www.gp.se\/nyheter\/sverige\/1.436883-reinfeldts-skattevinst-i-s-annons\" target=\"_blank\">eller<\/a> <a href=\"http:\/\/www.gp.se\/nyheter\/valet2010\/1.435991-onsdag-morgon-borjar-valet\" target=\"_blank\">mindre<\/a> <a href=\"http:\/\/blogg.gp.se\/hulthen\/2010\/08\/31\/den-rodgrona-plattformen\/\" target=\"_blank\">negativa<\/a> <a href=\"http:\/\/hd.se\/skane\/2010\/09\/01\/flera-anmalningar-mot-valutskick\/\" target=\"_blank\">kampanjer.<\/a> <a href=\"http:\/\/hd.se\/inrikes\/2010\/09\/01\/tv-4-sander-omarbetad-sd-film\/\" target=\"_blank\">Nu<\/a> <a href=\"http:\/\/www.sydsvenskan.se\/val2010\/article1225789\/Startskottet-gick-for-rostandet.html\" target=\"_blank\">kommer<\/a><a href=\"http:\/\/www.sydsvenskan.se\/val2010\/article1221213\/Dansk-kritik-Valcensur-i-Sverige.html\" target=\"_blank\"> Socialdemokraterna<\/a> <a href=\"http:\/\/edvinalam.wordpress.com\/2010\/09\/01\/kontrakt-fran-socialdemokraterna-vardelosa\/\" target=\"_blank\">g\u00f6ra<\/a> <a href=\"http:\/\/blog.st.nu\/ledarbloggen\/2010\/09\/01\/risk-for-bakslag\/\" target=\"_blank\">samma<\/a> <a href=\"http:\/\/lakonism.blogspot.com\/2010\/09\/ilsken-jytte-guteland-skaller-ut.html\" target=\"_blank\">sak.<\/a> <a href=\"http:\/\/www.ekonomism.us\/?e=2744\" target=\"_blank\">De<\/a> <a href=\"http:\/\/tokmoderaten.blogspot.com\/2010\/09\/nar-desperationen-far-ett-partimarke.html\" target=\"_blank\">kommer<\/a> <a href=\"http:\/\/minamoderatakarameller.blogspot.com\/2010\/09\/oppet-mal-om-s-ger-sig-pa.html\" target=\"_blank\">angripa<\/a> <a href=\"http:\/\/pamflett.wordpress.com\/2010\/09\/01\/satsning-i-nordost-ar-bra-men-for-att-bryta-segregationen-maste-vi-fokusera-pa-overklassomradena\/\" target=\"_blank\">statsministerfamiljen<\/a> <a href=\"http:\/\/anybodys-place.blogspot.com\/2010\/09\/vi-tycker-det-racker-nu.html\" target=\"_blank\">i<\/a><a href=\"http:\/\/youbetterthink.blogg.se\/2010\/september\/hellre-sankt-skatt-an-stold-mona-sahlin.html\" target=\"_blank\"> pressen<\/a> <a href=\"http:\/\/emilberg.blogspot.com\/2010\/09\/skattesankningar-for-de-rika-eller.html\" target=\"_blank\">med<\/a> <a href=\"http:\/\/svenskhistoria.blogspot.com\/2010\/09\/skrin-fran-rannstenen.html\" target=\"_blank\">annonser.<\/a><\/p>\n<p>\u00c4r det s\u00e5 h\u00e4r vi vill se en valr\u00f6relse i Sverige?<\/p>\n<p>Sverigedemokraterna f\u00e5r med in sin reklamfilm i TV4, omarbetad. De har redan vunnit en PR-seger som sl\u00e5r allt. Som annons\u00f6r p\u00e5 TV4, kanske det \u00e4r dags att t\u00e4nka om. F\u00f6r vill de hamnar sidan om SDs reklamfilm?<\/p>\n<p>Idag har vi med en chans att g\u00e5 att r\u00f6sta. F\u00f6rtidsr\u00f6standet \u00e4r ig\u00e5ng. Sj\u00e4lv tycker jag det \u00e4r roligare att r\u00f6sta p\u00e5 valdagen, men det \u00e4r enormt praktiskt att denna m\u00f6jligheten finns.<\/p>\n<p>Vad jag saknar \u00e4r en tv\u00e5v\u00e4gskommunikation p\u00e5 partiernas hemsidor. Hur sv\u00e5rt \u00e4r det att f\u00e5 in en chatmodul 2010?<\/p>\n","protected":false},"excerpt":{"rendered":"<p>Valr\u00f6relsen b\u00f6rjar \u00f6ka tempot. Det m\u00e4rks inte minst bland alla ungdomsf\u00f6rbund som redan \u00e4r ute och k\u00f6r mer eller mindre negativa kampanjer. Nu kommer Socialdemokraterna g\u00f6ra samma sak. De kommer angripa statsministerfamiljen i pressen med annonser. \u00c4r det s\u00e5 h\u00e4r vi vill se en valr\u00f6relse i Sverige? Sverigedemokraterna f\u00e5r med in sin reklamfilm i TV4, [&hellip;]<\/p>\n","protected":false},"author":1,"featured_media":0,"comment_status":"open","ping_status":"open","sticky":false,"template":"","format":"standard","meta":{"footnotes":""},"categories":[42,50],"tags":[1750,185,349,101,350],"class_list":["post-422","post","type-post","status-publish","format-standard","hentry","category-kampanj","category-politik","tag-kampanj","tag-moderaterna","tag-reinfeldt","tag-socialdemokraterna","tag-valrorelsen-2010"],"aioseo_notices":[],"_links":{"self":[{"href":"https:\/\/www.creativedirector.se\/blog\/wp-json\/wp\/v2\/posts\/422","targetHints":{"allow":["GET"]}}],"collection":[{"href":"https:\/\/www.creativedirector.se\/blog\/wp-json\/wp\/v2\/posts"}],"about":[{"href":"https:\/\/www.creativedirector.se\/blog\/wp-json\/wp\/v2\/types\/post"}],"author":[{"embeddable":true,"href":"https:\/\/www.creativedirector.se\/blog\/wp-json\/wp\/v2\/users\/1"}],"replies":[{"embeddable":true,"href":"https:\/\/www.creativedirector.se\/blog\/wp-json\/wp\/v2\/comments?post=422"}],"version-history":[{"count":8,"href":"https:\/\/www.creativedirector.se\/blog\/wp-json\/wp\/v2\/posts\/422\/revisions"}],"predecessor-version":[{"id":428,"href":"https:\/\/www.creativedirector.se\/blog\/wp-json\/wp\/v2\/posts\/422\/revisions\/428"}],"wp:attachment":[{"href":"https:\/\/www.creativedirector.se\/blog\/wp-json\/wp\/v2\/media?parent=422"}],"wp:term":[{"taxonomy":"category","embeddable":true,"href":"https:\/\/www.creativedirector.se\/blog\/wp-json\/wp\/v2\/categories?post=422"},{"taxonomy":"post_tag","embeddable":true,"href":"https:\/\/www.creativedirector.se\/blog\/wp-json\/wp\/v2\/tags?post=422"}],"curies":[{"name":"wp","href":"https:\/\/api.w.org\/{rel}","templated":true}]}}