{"id":407,"date":"2010-08-31T12:17:55","date_gmt":"2010-08-31T12:17:55","guid":{"rendered":"http:\/\/www.creativedirector.se\/blog\/?p=407"},"modified":"2010-08-31T12:17:55","modified_gmt":"2010-08-31T12:17:55","slug":"belastningen-mona-sahlin-ju-narmre-valet-ju-tydligare-ar-det","status":"publish","type":"post","link":"https:\/\/www.creativedirector.se\/blog\/2010\/08\/31\/belastningen-mona-sahlin-ju-narmre-valet-ju-tydligare-ar-det\/","title":{"rendered":"Belastningen Mona Sahlin, ju n\u00e4rmre valet ju tydligare \u00e4r det"},"content":{"rendered":"<p><img decoding=\"async\" class=\"alignnone\" src=\"http:\/\/img.skitch.com\/20100831-1qxuj1yaqn9m7m1nemb2i55qk6.jpg\" alt=\"Mona Sahlin \u00e4r en belastning f\u00f6r socialdemokraterna under valr\u00f6relsen 2010\" width=\"680\" height=\"298\" \/><br \/>\n<a href=\"http:\/\/www.dn.se\/nyheter\/valet2010\/rodgrona-vill-minska-eu-utslapp-1.1162156\" target=\"_blank\"> Mona<\/a> <a href=\"http:\/\/www.dn.se\/nyheter\/valet2010\/rodgrona-loften-i-valet-2010-1.1162291\" target=\"_blank\">Sahlin<\/a> <a href=\"http:\/\/www.svd.se\/nyheter\/politik\/valet2010\/just-nu-rodgrona-presenterar-valmanifestet_5224639.svd\" target=\"_blank\">\u00e4r<\/a> <a href=\"http:\/\/www.svd.se\/nyheter\/politik\/valet2010\/vinna-eller-forsvinna-for-sahlin_5223287.svd\" target=\"_blank\">en<\/a> <a href=\"http:\/\/www.svd.se\/nyheter\/politik\/valet2010\/skop-sd-utanfor-riksdagen_5221987.svd\" target=\"_blank\">belastning<\/a> <a href=\"http:\/\/www.gp.se\/nyheter\/valet2010\/1.436064-de-rodgrona-presenterar-sitt-manifest\" target=\"_blank\">f\u00f6r<\/a> <a href=\"http:\/\/blogg.gp.se\/valbloggen\/2010\/08\/31\/rodgron-plattform-klockan-ett\/\" target=\"_blank\">sitt<\/a> <a href=\"http:\/\/www.sydsvenskan.se\/val2010\/article1221225\/Rodgrona-lagger-fram-valmanifest.html\" target=\"_blank\">parti.<\/a> <a href=\"http:\/\/www.sydsvenskan.se\/val2010\/article1216118\/Sahlin-har-langt-ifran-gett-upp.html\" target=\"_blank\">Det<\/a> <a href=\"http:\/\/www.sydsvenskan.se\/val2010\/article1220883\/Ostros-far-inte-besoka-SCA-fabrik.html\" target=\"_blank\">finns<\/a> <a href=\"http:\/\/www.sydsvenskan.se\/val2010\/article1220620\/Rodgrona-Gratis-tandvard-till-24.html\" target=\"_blank\">ingen<\/a> <a href=\"http:\/\/www.aftonbladet.se\/nyheter\/valet2010\/article7702333.ab\" target=\"_blank\">som<\/a> <a href=\"http:\/\/www.aftonbladet.se\/nyheter\/valet2010\/article7701899.ab\" target=\"_blank\">kan<\/a> <a href=\"http:\/\/www.aftonbladet.se\/nyheter\/valet2010\/article7699745.ab\" target=\"_blank\">p\u00e5st\u00e5<\/a> <a href=\"http:\/\/www.aftonbladet.se\/debatt\/debattamnen\/politik\/article7701353.ab\" target=\"_blank\">n\u00e5got<\/a> <a href=\"http:\/\/www.expressen.se\/nyheter\/val2010\/1.2116881\/har-ar-de-rodgronas-valmanifest\" target=\"_blank\">annat.<\/a><a href=\"http:\/\/www.expressen.se\/nyheter\/val2010\/1.2116955\/det-har-betyder-valmanifestet-for-dig\" target=\"_blank\"> \u00c4ven<\/a> <a href=\"http:\/\/anybodys-place.blogspot.com\/2010\/08\/jag-onskar-att-vi-kunde-leva-i-den.html\" target=\"_blank\">om<\/a> <a href=\"http:\/\/blogg.aftonbladet.se\/proffstyckarna\/2010\/08\/valkommet-manifest-en-dyster-rodgron-dag\" target=\"_blank\">hon<\/a> <a href=\"http:\/\/raymondihaninge.blogspot.com\/2010\/08\/dags-att-visa-korten-vansterkartellen.html\" target=\"_blank\">g\u00e5ng<\/a> <a href=\"http:\/\/blogg.aftonbladet.se\/21909\/2010\/08\/svensk-myndighetskontroll-ar-valet-redan-avgjort\" target=\"_blank\">p\u00e5<\/a> <a href=\"http:\/\/svenskhistoria.blogspot.com\/2010\/08\/laget-allt-stabilare.html\" target=\"_blank\">g\u00e5ng<\/a> <a href=\"http:\/\/homopoliticus.blogg.se\/2010\/august\/ohly-ohly-varldens-basta-ohly.html\" target=\"_blank\">p\u00e5st\u00e5r<\/a> <a href=\"http:\/\/www.marcusgrunden.se\/?p=2180\" target=\"_blank\">att<\/a> <a href=\"http:\/\/evalenajansson.blogspot.com\/2010\/08\/tufft-lage-nar-gubbhyllan-anfaller.html\" target=\"_blank\">hon<\/a> <a href=\"http:\/\/blogg.svd.se\/ledarbloggen?id=20329\" target=\"_blank\">inte<\/a> <a href=\"http:\/\/albinringbroman.blogspot.com\/2010\/08\/lagar-galler-inte-for-lo-och-s.html\" target=\"_blank\">\u00e4r<\/a> <a href=\"http:\/\/moderatprat.blogspot.com\/2010\/08\/odesdag-for-s-och-de-rodgrona.html\" target=\"_blank\">n\u00e5gon<\/a> <a href=\"http:\/\/ekstromsblogg.blogspot.com\/2010\/08\/sol-ute-och-i-opinionen.html\" target=\"_blank\">fifflare<\/a> <a href=\"http:\/\/pgustafsson.blogspot.com\/2010\/08\/fp-och-alliansen-allt-mer-populara-s.html\" target=\"_blank\">\u00e4r<\/a> <a href=\"http:\/\/blogg.aftonbladet.se\/6990\/2010\/08\/onsdagsslipsens-sommarlov-tar-slut-och-ska-man-behova-dricka-mitt-i-veckan\" target=\"_blank\">sin<\/a> <a href=\"http:\/\/www.metrobloggen.se\/jsp\/public\/permalink.jsp?article=19.15349838\" target=\"_blank\">sak,<\/a> <a href=\"http:\/\/www.asawestlund.se\/blogg\/rodgrona-bast-pa-miljo\/\" target=\"_blank\">men<\/a> <a href=\"http:\/\/www.makthavare.se\/2010\/08\/31\/klar-alliansledning\/\" target=\"_blank\">det<\/a> <a href=\"http:\/\/www.wiktzac.com\/2010\/08\/stall-ratt-fraga.html\" target=\"_blank\">\u00e4r<\/a><a href=\"http:\/\/runosblogg.blogspot.com\/2010\/08\/opinionsmatningarna-pekar-at-ratt-hall.html\" target=\"_blank\"> inte<\/a> <a href=\"http:\/\/larrysoder.blogspot.com\/2010\/08\/kristdemokraterna-framat-i-matning.html\" target=\"_blank\">det<\/a> <a href=\"http:\/\/kulturbloggen.com\/?p=23475\" target=\"_blank\">som<\/a> <a href=\"http:\/\/blogg.passagen.se\/liberum-weto\/entry\/sahlin_ohly\" target=\"_blank\">\u00e4r<\/a> <a href=\"http:\/\/chibba.wordpress.com\/2010\/08\/31\/harligt-kd-kraftigt-framat\/\" target=\"_blank\">problemet.<\/a> <a href=\"http:\/\/blogg.svd.se\/ledarbloggen?id=20326\" target=\"_blank\">Utanf\u00f6r<\/a> <a href=\"http:\/\/franksblogg.centerpartiet.net\/2010\/08\/31\/centerpartiet-behovs-for-miljon\/\" target=\"_blank\">08-omr\u00e5det<\/a> <a href=\"http:\/\/sundinmathias.blogspot.com\/2010\/08\/alliansen-okar-fp-likasa-s-rekordlagt.html\" target=\"_blank\">s\u00e5 \u00e4r<\/a> <a href=\"http:\/\/www.fetsmart.se\/blog\/2010\/08\/31\/nya-siffror-nya-fragor\/\" target=\"_blank\">hennes<\/a> dialekt ett enormt problem. L\u00e4gg sen till att hennes kroppsspr\u00e5k inte \u00e4r det b\u00e4sta.<\/p>\n<p>St\u00e4ller hon sig sen p\u00e5 samma scen som Maria Wetterstrand, d\u00e5 blir Mona Sahlin tr\u00f6tt och tr\u00e5kig. Hur kunde socialdemokratin hamnat s\u00e5 h\u00e4r fel? F\u00f6r min del tror jag inte de f\u00f6rst\u00e5tt vanliga m\u00e4nniskors \u00e5sikter kring Mona Sahlin. De kan r\u00f6sta p\u00e5 S men \u00e4nd\u00e5 komma fram till att de inte orkar titta p\u00e5 henne. Bara d\u00e4r borde alla varningsklockor ringa!<\/p>\n<p>Mona Sahlin har sj\u00e4lv inte gjort n\u00e5got fel. N\u00e4r partiet kallar s\u00e5 \u00e4r det bara att st\u00e4lla upp har jag f\u00f6rst\u00e5tt. Fast som ledare f\u00f6r ett parti d\u00e4r LOs medlemmar skall vara en bas, s\u00e5 funkar det inte med att ha s\u00e5 mycket i bagaget. M\u00e4nniskor har inte gl\u00f6mt. Mona Sahlin var i m\u00e5ngt och mycket det som sp\u00e4dde p\u00e5 det politiska f\u00f6raktet bland v\u00e4ljarna med sina aff\u00e4rer.<\/p>\n<p>Nu \u00e4r S i den sits de \u00e4r i. Det enda som skulle kunna f\u00f6r\u00e4ndra mycket vore att bryta samarbetet med MP &amp; V, men inte ens de mest tokiga skulle f\u00f6resl\u00e5 en s\u00e5dan sak. Jag tror S skall lyfta andra k\u00e4nda socialdemokrater och g\u00f6mma Mona Sahlin s\u00e5 mycket det g\u00e5r. F\u00f6r Mona Sahlin \u00e4r idag en enorm belastning!<\/p>\n","protected":false},"excerpt":{"rendered":"<p>Mona Sahlin \u00e4r en belastning f\u00f6r sitt parti. Det finns ingen som kan p\u00e5st\u00e5 n\u00e5got annat. \u00c4ven om hon g\u00e5ng p\u00e5 g\u00e5ng p\u00e5st\u00e5r att hon inte \u00e4r n\u00e5gon fifflare \u00e4r sin sak, men det \u00e4r inte det som \u00e4r problemet. Utanf\u00f6r 08-omr\u00e5det s\u00e5 \u00e4r hennes dialekt ett enormt problem. L\u00e4gg sen till att hennes kroppsspr\u00e5k [&hellip;]<\/p>\n","protected":false},"author":1,"featured_media":0,"comment_status":"open","ping_status":"open","sticky":false,"template":"","format":"standard","meta":{"footnotes":""},"categories":[50],"tags":[342,101,184,327],"class_list":["post-407","post","type-post","status-publish","format-standard","hentry","category-politik","tag-mona-sahlin","tag-socialdemokraterna","tag-val-2010","tag-valrorelsen"],"aioseo_notices":[],"_links":{"self":[{"href":"https:\/\/www.creativedirector.se\/blog\/wp-json\/wp\/v2\/posts\/407","targetHints":{"allow":["GET"]}}],"collection":[{"href":"https:\/\/www.creativedirector.se\/blog\/wp-json\/wp\/v2\/posts"}],"about":[{"href":"https:\/\/www.creativedirector.se\/blog\/wp-json\/wp\/v2\/types\/post"}],"author":[{"embeddable":true,"href":"https:\/\/www.creativedirector.se\/blog\/wp-json\/wp\/v2\/users\/1"}],"replies":[{"embeddable":true,"href":"https:\/\/www.creativedirector.se\/blog\/wp-json\/wp\/v2\/comments?post=407"}],"version-history":[{"count":7,"href":"https:\/\/www.creativedirector.se\/blog\/wp-json\/wp\/v2\/posts\/407\/revisions"}],"predecessor-version":[{"id":414,"href":"https:\/\/www.creativedirector.se\/blog\/wp-json\/wp\/v2\/posts\/407\/revisions\/414"}],"wp:attachment":[{"href":"https:\/\/www.creativedirector.se\/blog\/wp-json\/wp\/v2\/media?parent=407"}],"wp:term":[{"taxonomy":"category","embeddable":true,"href":"https:\/\/www.creativedirector.se\/blog\/wp-json\/wp\/v2\/categories?post=407"},{"taxonomy":"post_tag","embeddable":true,"href":"https:\/\/www.creativedirector.se\/blog\/wp-json\/wp\/v2\/tags?post=407"}],"curies":[{"name":"wp","href":"https:\/\/api.w.org\/{rel}","templated":true}]}}