{"id":393,"date":"2010-08-30T23:05:10","date_gmt":"2010-08-30T23:05:10","guid":{"rendered":"http:\/\/www.creativedirector.se\/blog\/?p=393"},"modified":"2010-08-31T10:03:54","modified_gmt":"2010-08-31T10:03:54","slug":"centerpartiet-sa-skall-en-politisk-reklamfilm-se-ut-2010","status":"publish","type":"post","link":"https:\/\/www.creativedirector.se\/blog\/2010\/08\/30\/centerpartiet-sa-skall-en-politisk-reklamfilm-se-ut-2010\/","title":{"rendered":"Centerpartiet &#8211; S\u00e5 skall en politisk reklamfilm se ut 2010!"},"content":{"rendered":"<p><object classid=\"clsid:d27cdb6e-ae6d-11cf-96b8-444553540000\" width=\"679\" height=\"407\" codebase=\"http:\/\/download.macromedia.com\/pub\/shockwave\/cabs\/flash\/swflash.cab#version=6,0,40,0\"><param name=\"allowFullScreen\" value=\"true\" \/><param name=\"allowscriptaccess\" value=\"always\" \/><param name=\"src\" value=\"http:\/\/www.youtube.com\/v\/ms3LEnw3T4M?fs=1&amp;hl=sv_SE&amp;rel=0\" \/><param name=\"allowfullscreen\" value=\"true\" \/><embed type=\"application\/x-shockwave-flash\" width=\"679\" height=\"407\" src=\"http:\/\/www.youtube.com\/v\/ms3LEnw3T4M?fs=1&amp;hl=sv_SE&amp;rel=0\" allowscriptaccess=\"always\" allowfullscreen=\"true\"><\/embed><\/object><\/p>\n<p><a href=\"http:\/\/www.resume.se\/nyheter\/2010\/08\/30\/centerns-valfilmer-slappta\/\" target=\"_blank\">Centerpartiets<\/a> <a href=\"http:\/\/www.dagensmedia.se\/nyheter\/tv\/article2463135.ece\" target=\"_blank\">reklamfilm<\/a> <a href=\"http:\/\/johanorjes.blogspot.com\/2010\/08\/bra-reklamfilm-fran-centerpartiet.html\" target=\"_blank\">\u00e4r<\/a> <a href=\"http:\/\/valaffisch.se\/wordpress\/2010\/08\/30\/ny-valfilm-men-vems-ar-den\/\" target=\"_blank\">riktigt<\/a> <a href=\"http:\/\/catrinstexter.blogspot.com\/2010\/08\/basta-och-samsta-valfilmerna.html\" target=\"_blank\">bra<\/a>. <a href=\"http:\/\/lakonism.blogspot.com\/2010\/08\/centerpartiets-valfilm-2010.html\" target=\"_blank\">En dialog<\/a> <a href=\"http:\/\/christian.ottosson.nu\/index.php\/centerpartiets-valfilm-far-bast-betyg\/\" target=\"_blank\">som<\/a> <a href=\"http:\/\/www.magnusblogg.se\/2010\/08\/klockren-reklamfilm-fran-centerpartiet.html\" target=\"_blank\">h\u00f6rs<\/a> <a href=\"http:\/\/raymondihaninge.blogspot.com\/2010\/08\/centerpartiets-valfilm-fragor-som-far.html\" target=\"_blank\">och<\/a> <a href=\"http:\/\/www.mortfiles.se\/blog\/centerpartiets-reklamfilmer\/\" target=\"_blank\">som<\/a> <a href=\"http:\/\/perankersjo.blogspot.com\/2010\/08\/centerpartiets-valfilm.html\" target=\"_blank\">m\u00e5nga<\/a> <a href=\"http:\/\/blogg.aftonbladet.se\/helleklein\/2010\/08\/skrammande-manniskosyn\" target=\"_blank\">kommer<\/a><a href=\"http:\/\/blogg.aftonbladet.se\/helleklein\/2010\/08\/skrammande-manniskosyn\" target=\"_blank\"> heja<\/a> <a href=\"http:\/\/jonssonsfunderingar.blogspot.com\/2010\/08\/vilka-drommar-har-vi.html\" target=\"_blank\">till<\/a> <a href=\"http:\/\/www.fridam.se\/2010\/august\/underbart-centerpartiet.html\" target=\"_blank\">\u00f6ver.<\/a> Ett avslut med Maud, som ingen kan ta fel p\u00e5, avrundar det hela helt perfekt. WW\/TBWA skulle kunna l\u00e4ra Moderaternas reklambyr\u00e5 Stor\u00e5kers McCann ett och annat. F\u00f6r med denna reklamfilmen kan vi f\u00f6rst\u00e5 avs\u00e4ndaren \u00e4ven om vi twittrar, \u00e4r p\u00e5 muggen eller s\u00e4tter p\u00e5 kaffet med TVn i bakgrunden. Det \u00e4r en stark nia.<br \/>\nS\u00e5 betyg 9 av 10 m\u00f6jliga!<\/p>\n<p>Varf\u00f6r inte 10 av 10? Nej, det saknar x-faktorn som tex KD har i sin printkampanj. Det d\u00e4r lilla extra saknas.<\/p>\n","protected":false},"excerpt":{"rendered":"<p>Centerpartiets reklamfilm \u00e4r riktigt bra. En dialog som h\u00f6rs och som m\u00e5nga kommer heja till \u00f6ver. Ett avslut med Maud, som ingen kan ta fel p\u00e5, avrundar det hela helt perfekt. WW\/TBWA skulle kunna l\u00e4ra Moderaternas reklambyr\u00e5 Stor\u00e5kers McCann ett och annat. F\u00f6r med denna reklamfilmen kan vi f\u00f6rst\u00e5 avs\u00e4ndaren \u00e4ven om vi twittrar, \u00e4r [&hellip;]<\/p>\n","protected":false},"author":1,"featured_media":0,"comment_status":"open","ping_status":"open","sticky":false,"template":"","format":"standard","meta":{"footnotes":""},"categories":[50],"tags":[187,185,1752,338,184,339],"class_list":["post-393","post","type-post","status-publish","format-standard","hentry","category-politik","tag-centerpartiet","tag-moderaterna","tag-politik","tag-storakers-mccann","tag-val-2010","tag-wwtbwa"],"aioseo_notices":[],"_links":{"self":[{"href":"https:\/\/www.creativedirector.se\/blog\/wp-json\/wp\/v2\/posts\/393","targetHints":{"allow":["GET"]}}],"collection":[{"href":"https:\/\/www.creativedirector.se\/blog\/wp-json\/wp\/v2\/posts"}],"about":[{"href":"https:\/\/www.creativedirector.se\/blog\/wp-json\/wp\/v2\/types\/post"}],"author":[{"embeddable":true,"href":"https:\/\/www.creativedirector.se\/blog\/wp-json\/wp\/v2\/users\/1"}],"replies":[{"embeddable":true,"href":"https:\/\/www.creativedirector.se\/blog\/wp-json\/wp\/v2\/comments?post=393"}],"version-history":[{"count":9,"href":"https:\/\/www.creativedirector.se\/blog\/wp-json\/wp\/v2\/posts\/393\/revisions"}],"predecessor-version":[{"id":401,"href":"https:\/\/www.creativedirector.se\/blog\/wp-json\/wp\/v2\/posts\/393\/revisions\/401"}],"wp:attachment":[{"href":"https:\/\/www.creativedirector.se\/blog\/wp-json\/wp\/v2\/media?parent=393"}],"wp:term":[{"taxonomy":"category","embeddable":true,"href":"https:\/\/www.creativedirector.se\/blog\/wp-json\/wp\/v2\/categories?post=393"},{"taxonomy":"post_tag","embeddable":true,"href":"https:\/\/www.creativedirector.se\/blog\/wp-json\/wp\/v2\/tags?post=393"}],"curies":[{"name":"wp","href":"https:\/\/api.w.org\/{rel}","templated":true}]}}