{"id":387,"date":"2010-08-30T12:49:35","date_gmt":"2010-08-30T12:49:35","guid":{"rendered":"http:\/\/www.creativedirector.se\/blog\/?p=387"},"modified":"2010-08-30T12:49:35","modified_gmt":"2010-08-30T12:49:35","slug":"moderaterna-drar-inte-vasterut-de-drar-in-i-kalkonfilmshornan","status":"publish","type":"post","link":"https:\/\/www.creativedirector.se\/blog\/2010\/08\/30\/moderaterna-drar-inte-vasterut-de-drar-in-i-kalkonfilmshornan\/","title":{"rendered":"Moderaterna drar inte v\u00e4sterut, de drar in i kalkonfilmsh\u00f6rnan"},"content":{"rendered":"<p><object classid=\"clsid:d27cdb6e-ae6d-11cf-96b8-444553540000\" width=\"679\" height=\"407\" codebase=\"http:\/\/download.macromedia.com\/pub\/shockwave\/cabs\/flash\/swflash.cab#version=6,0,40,0\"><param name=\"allowFullScreen\" value=\"true\" \/><param name=\"allowscriptaccess\" value=\"always\" \/><param name=\"src\" value=\"http:\/\/www.youtube.com\/v\/y6X3b3hC3l4?fs=1&amp;hl=sv_SE\" \/><param name=\"allowfullscreen\" value=\"true\" \/><embed type=\"application\/x-shockwave-flash\" width=\"679\" height=\"407\" src=\"http:\/\/www.youtube.com\/v\/y6X3b3hC3l4?fs=1&amp;hl=sv_SE\" allowscriptaccess=\"always\" allowfullscreen=\"true\"><\/embed><\/object><\/p>\n<p><object classid=\"clsid:d27cdb6e-ae6d-11cf-96b8-444553540000\" width=\"679\" height=\"407\" codebase=\"http:\/\/download.macromedia.com\/pub\/shockwave\/cabs\/flash\/swflash.cab#version=6,0,40,0\"><param name=\"allowFullScreen\" value=\"true\" \/><param name=\"allowscriptaccess\" value=\"always\" \/><param name=\"src\" value=\"http:\/\/www.youtube.com\/v\/vs6yZPr4efk?fs=1&amp;hl=sv_SE\" \/><param name=\"allowfullscreen\" value=\"true\" \/><embed type=\"application\/x-shockwave-flash\" width=\"679\" height=\"407\" src=\"http:\/\/www.youtube.com\/v\/vs6yZPr4efk?fs=1&amp;hl=sv_SE\" allowscriptaccess=\"always\" allowfullscreen=\"true\"><\/embed><\/object><\/p>\n<p><object classid=\"clsid:d27cdb6e-ae6d-11cf-96b8-444553540000\" width=\"679\" height=\"407\" codebase=\"http:\/\/download.macromedia.com\/pub\/shockwave\/cabs\/flash\/swflash.cab#version=6,0,40,0\"><param name=\"allowFullScreen\" value=\"true\" \/><param name=\"allowscriptaccess\" value=\"always\" \/><param name=\"src\" value=\"http:\/\/www.youtube.com\/v\/S1g7PfCYOks?fs=1&amp;hl=sv_SE\" \/><param name=\"allowfullscreen\" value=\"true\" \/><embed type=\"application\/x-shockwave-flash\" width=\"679\" height=\"407\" src=\"http:\/\/www.youtube.com\/v\/S1g7PfCYOks?fs=1&amp;hl=sv_SE\" allowscriptaccess=\"always\" allowfullscreen=\"true\"><\/embed><\/object><\/p>\n<p><a href=\"http:\/\/moderatprat.blogspot.com\/2010\/08\/moderaternas-tv-och-bioreklam-ar.html\" target=\"_blank\">80-tals<\/a> <a href=\"http:\/\/fredrikedin.wordpress.com\/2010\/08\/30\/karlek-till-satir\/\" target=\"_blank\">musik<\/a> <a href=\"http:\/\/valaffisch.se\/wordpress\/2010\/08\/29\/moderaternas-valfilm\/\" target=\"_blank\">och pinsamma<\/a> <a href=\"http:\/\/blogg.sydsvenskan.se\/snallposten\/2010\/08\/27\/bodstrom-heldigital-\u2013-drog-till-usa\/\" target=\"_blank\">filmklipp<\/a> <a href=\"http:\/\/borgarbarnet.wordpress.com\/2010\/08\/29\/karlek-pa-jobbet-med-moderaterna\/\" target=\"_blank\">\u00e4r moderaternas<\/a> <a href=\"http:\/\/blogg.aftonbladet.se\/politikerkollen\/2010\/08\/m-s-valfilmer-ar-har\" target=\"_blank\">reklamfilmer<\/a> <a href=\"http:\/\/campaigndossier.wordpress.com\/2010\/08\/29\/politisk-kommunikation-skon-kansla-i-m-valfilmer\/\" target=\"_blank\">f\u00f6r valet<\/a> <a href=\"http:\/\/fredrikaxelsson.blogspot.com\/2010\/08\/moderaternas-reklamfilm-2010-3.html\" target=\"_blank\">2010.<\/a><a href=\"http:\/\/fredrikaxelsson.blogspot.com\/2010\/08\/moderaternas-reklamfilm-2010-2.html\" target=\"_blank\"> Ingen<\/a> <a href=\"http:\/\/fredrikaxelsson.blogspot.com\/2010\/08\/moderaternas-reklamfilm-2010-1.html\" target=\"_blank\">direkt<\/a> <a href=\"http:\/\/www.munkhammar.org\/blog\/?page=show&amp;nummer=2984#\" target=\"_blank\">koppling<\/a> <a href=\"http:\/\/valstugan.moderat.se\/?x=reklamfilmer\" target=\"_blank\">till<\/a> <a href=\"http:\/\/www.resume.se\/nyheter\/2010\/08\/29\/moderaternas-reklamfilmer\/\" target=\"_blank\">den tryckta<\/a> <a href=\"http:\/\/www.ohlywithfriends.com\/2010\/08\/moderaternas-reklamfilm-karlek-pa.html\">reklamkampanjen syns.<\/a> <a href=\"http:\/\/www.dagensmedia.se\/nyheter\/kampanjer\/article2462912.ece\" target=\"_blank\">Hur kan<\/a> <a href=\"http:\/\/www.gp.se\/nyheter\/valet2010\/1.433755-socialdemokraternas-profiler\" target=\"_blank\">det bli s\u00e5 b<\/a><a href=\"http:\/\/www.svd.se\/nyheter\/politik\/valet2010\/alliansen-skapa-ekonomiska-frizoner_5218029.svd\" target=\"_blank\"> 2010?<\/a> <a href=\"http:\/\/www.aftonbladet.se\/nyheter\/valet2010\/article7693955.ab\" target=\"_blank\">Bodstr\u00f6m drog v\u00e4sterut<\/a> <a href=\"http:\/\/www.expressen.se\/nyheter\/val2010\/1.2114880\/har-jobbar-han-for-valseger\" target=\"_blank\">och jobbar med sociala medier i valet,<\/a> men moderaterna har fastnat i n\u00e5gon romantisk bubbla ifr\u00e5n 80-talet d\u00e5 yuppies var s\u00e5 inne. Sedan \u00e4r tramset \u00e4n v\u00e4rre d\u00e5 de f\u00e5r f\u00f6r sig att dagens arbete \u00e4r mellan m\u00e5ndag till fredag. Filmerna \u00e4r hoppl\u00f6st pinsamma. Stor\u00e5kers McCann k\u00e4nns tr\u00f6tta och utan visioner. De redan fr\u00e4lsta kommer nog tycka dem \u00e4r, men nya v\u00e4ljare lockar de inte.<\/p>\n<p>Hade jag suttit som ansvarig hade det varit ett krav att n\u00e5got i filmerna skulle binda ihop de tre. Det k\u00e4nns som tre filmer till tre olika partier. Blunda och f\u00f6rs\u00f6k finna avs\u00e4ndaren. G\u00e5r det? N\u00e4, precis. Vad \u00e4r det f\u00f6r amat\u00f6rer som best\u00e4mt h\u00e4r? Jag blir bara s\u00e5 tr\u00f6tt.<\/p>\n<p>Alliansv\u00e4nnerna tycks b\u00e5de vara b\u00e4ttre p\u00e5 print och p\u00e5 andra kanaler. N\u00e5got som moderaterna borde se \u00f6ver. De kan ju inte vara s\u00e4mst?<\/p>\n<p>Vad M inte har \u00e4r en partiledare som \u00e4r en belastning. Det har ju Socialdemokraterna lyckats skaffa sig. Mycket underligt.<\/p>\n","protected":false},"excerpt":{"rendered":"<p>80-tals musik och pinsamma filmklipp \u00e4r moderaternas reklamfilmer f\u00f6r valet 2010. Ingen direkt koppling till den tryckta reklamkampanjen syns. Hur kan det bli s\u00e5 b 2010? Bodstr\u00f6m drog v\u00e4sterut och jobbar med sociala medier i valet, men moderaterna har fastnat i n\u00e5gon romantisk bubbla ifr\u00e5n 80-talet d\u00e5 yuppies var s\u00e5 inne. Sedan \u00e4r tramset \u00e4n [&hellip;]<\/p>\n","protected":false},"author":1,"featured_media":0,"comment_status":"open","ping_status":"open","sticky":false,"template":"","format":"standard","meta":{"footnotes":""},"categories":[42,50],"tags":[185,338,184,327],"class_list":["post-387","post","type-post","status-publish","format-standard","hentry","category-kampanj","category-politik","tag-moderaterna","tag-storakers-mccann","tag-val-2010","tag-valrorelsen"],"aioseo_notices":[],"_links":{"self":[{"href":"https:\/\/www.creativedirector.se\/blog\/wp-json\/wp\/v2\/posts\/387","targetHints":{"allow":["GET"]}}],"collection":[{"href":"https:\/\/www.creativedirector.se\/blog\/wp-json\/wp\/v2\/posts"}],"about":[{"href":"https:\/\/www.creativedirector.se\/blog\/wp-json\/wp\/v2\/types\/post"}],"author":[{"embeddable":true,"href":"https:\/\/www.creativedirector.se\/blog\/wp-json\/wp\/v2\/users\/1"}],"replies":[{"embeddable":true,"href":"https:\/\/www.creativedirector.se\/blog\/wp-json\/wp\/v2\/comments?post=387"}],"version-history":[{"count":5,"href":"https:\/\/www.creativedirector.se\/blog\/wp-json\/wp\/v2\/posts\/387\/revisions"}],"predecessor-version":[{"id":392,"href":"https:\/\/www.creativedirector.se\/blog\/wp-json\/wp\/v2\/posts\/387\/revisions\/392"}],"wp:attachment":[{"href":"https:\/\/www.creativedirector.se\/blog\/wp-json\/wp\/v2\/media?parent=387"}],"wp:term":[{"taxonomy":"category","embeddable":true,"href":"https:\/\/www.creativedirector.se\/blog\/wp-json\/wp\/v2\/categories?post=387"},{"taxonomy":"post_tag","embeddable":true,"href":"https:\/\/www.creativedirector.se\/blog\/wp-json\/wp\/v2\/tags?post=387"}],"curies":[{"name":"wp","href":"https:\/\/api.w.org\/{rel}","templated":true}]}}