{"id":385,"date":"2010-09-01T03:33:47","date_gmt":"2010-09-01T03:33:47","guid":{"rendered":"http:\/\/www.creativedirector.se\/blog\/?p=385"},"modified":"2010-08-29T23:56:44","modified_gmt":"2010-08-29T23:56:44","slug":"steve-jobs-lyssna-och-lar-hur-apple-byggt-upp-sina-butiker","status":"publish","type":"post","link":"https:\/\/www.creativedirector.se\/blog\/2010\/09\/01\/steve-jobs-lyssna-och-lar-hur-apple-byggt-upp-sina-butiker\/","title":{"rendered":"Steve Jobs &#8211; Lyssna och l\u00e4r hur Apple byggt upp sina butiker"},"content":{"rendered":"<p><object width=\"680\" height=\"535\"><param name=\"movie\" value=\"http:\/\/www.youtube.com\/v\/OJtQeMHGrgc?fs=1&amp;hl=sv_SE&amp;rel=0\"><\/param><param name=\"allowFullScreen\" value=\"true\"><\/param><param name=\"allowscriptaccess\" value=\"always\"><\/param><embed src=\"http:\/\/www.youtube.com\/v\/OJtQeMHGrgc?fs=1&amp;hl=sv_SE&amp;rel=0\" type=\"application\/x-shockwave-flash\" allowscriptaccess=\"always\" allowfullscreen=\"true\" width=\"680\" height=\"535\"><\/embed><\/object><\/p>\n<p>Steve Jobs visar hur den f\u00f6rsta Apple Store \u00e4r indelad. Mycket l\u00e4rorikt f\u00f6r er som jobbar med retail. Apple har verkligen t\u00e4nkt till i minsta detalj. Tittar ni p\u00e5 vad Sony och vad Microsoft har gjort, s\u00e5 har de kopierat en hel del av detta.<\/p>\n","protected":false},"excerpt":{"rendered":"<p>Steve Jobs visar hur den f\u00f6rsta Apple Store \u00e4r indelad. Mycket l\u00e4rorikt f\u00f6r er som jobbar med retail. Apple har verkligen t\u00e4nkt till i minsta detalj. Tittar ni p\u00e5 vad Sony och vad Microsoft har gjort, s\u00e5 har de kopierat en hel del av detta.<\/p>\n","protected":false},"author":1,"featured_media":0,"comment_status":"open","ping_status":"open","sticky":false,"template":"","format":"standard","meta":{"footnotes":""},"categories":[268],"tags":[210,337,330,331,336],"class_list":["post-385","post","type-post","status-publish","format-standard","hentry","category-tips","tag-apple","tag-apple-store","tag-mac","tag-mac-os-x","tag-steve-jobs"],"aioseo_notices":[],"_links":{"self":[{"href":"https:\/\/www.creativedirector.se\/blog\/wp-json\/wp\/v2\/posts\/385","targetHints":{"allow":["GET"]}}],"collection":[{"href":"https:\/\/www.creativedirector.se\/blog\/wp-json\/wp\/v2\/posts"}],"about":[{"href":"https:\/\/www.creativedirector.se\/blog\/wp-json\/wp\/v2\/types\/post"}],"author":[{"embeddable":true,"href":"https:\/\/www.creativedirector.se\/blog\/wp-json\/wp\/v2\/users\/1"}],"replies":[{"embeddable":true,"href":"https:\/\/www.creativedirector.se\/blog\/wp-json\/wp\/v2\/comments?post=385"}],"version-history":[{"count":1,"href":"https:\/\/www.creativedirector.se\/blog\/wp-json\/wp\/v2\/posts\/385\/revisions"}],"predecessor-version":[{"id":386,"href":"https:\/\/www.creativedirector.se\/blog\/wp-json\/wp\/v2\/posts\/385\/revisions\/386"}],"wp:attachment":[{"href":"https:\/\/www.creativedirector.se\/blog\/wp-json\/wp\/v2\/media?parent=385"}],"wp:term":[{"taxonomy":"category","embeddable":true,"href":"https:\/\/www.creativedirector.se\/blog\/wp-json\/wp\/v2\/categories?post=385"},{"taxonomy":"post_tag","embeddable":true,"href":"https:\/\/www.creativedirector.se\/blog\/wp-json\/wp\/v2\/tags?post=385"}],"curies":[{"name":"wp","href":"https:\/\/api.w.org\/{rel}","templated":true}]}}