{"id":365,"date":"2010-08-27T15:00:31","date_gmt":"2010-08-27T15:00:31","guid":{"rendered":"http:\/\/www.creativedirector.se\/blog\/?p=365"},"modified":"2010-08-27T15:21:11","modified_gmt":"2010-08-27T15:21:11","slug":"jan-scherman-sverigedemokraternas-basta-valarbetare-2010","status":"publish","type":"post","link":"https:\/\/www.creativedirector.se\/blog\/2010\/08\/27\/jan-scherman-sverigedemokraternas-basta-valarbetare-2010\/","title":{"rendered":"Jan Scherman, Sverigedemokraternas b\u00e4sta valarbetare 2010?"},"content":{"rendered":"<p><a href=\"http:\/\/www.sverigedemokraterna.de\/\" target=\"_blank\">Sverigedemokraterna<\/a> <a href=\"http:\/\/www.resume.se\/nyheter\/2010\/08\/27\/sr-reporter-bakom-sd-filme\/\" target=\"_blank\">\u00e4r<\/a> <a href=\"http:\/\/www.resume.se\/nyheter\/2010\/08\/27\/extra-tv4-stoppar-sd-filme\/\" target=\"_blank\">inte<\/a> <a href=\"http:\/\/www.resume.se\/nyheter\/2010\/08\/27\/tv-sd-om-filmen\/\" target=\"_blank\">dumma.<\/a> <a href=\"http:\/\/www.resume.se\/nyheter\/2010\/08\/27\/filmen-ar-ett-han-en-forol\/\" target=\"_blank\">De<\/a> <a href=\"http:\/\/www.resume.se\/nyheter\/2010\/08\/27\/tv4-kan-stoppa-sds-reklamf\/\" target=\"_blank\">har<\/a> <a href=\"http:\/\/www.resume.se\/nyheter\/2010\/08\/27\/sds-valfilm\/\" target=\"_blank\">tagit<\/a> <a href=\"http:\/\/www.dagensmedia.se\/nyheter\/kampanjer\/article2462387.ece\" target=\"_blank\">fram<\/a> <a href=\"http:\/\/www.dagensmedia.se\/nyheter\/tv\/article2462625.ece\" target=\"_blank\">en<\/a> <a href=\"http:\/\/www.dagensmedia.se\/nyheter\/tv\/article2462475.ece\" target=\"_blank\">film<\/a> <a href=\"http:\/\/www.dagensmedia.se\/nyheter\/kampanjer\/article2462298.ece\" target=\"_blank\">tillsammans<\/a> <a href=\"http:\/\/www.dagensmedia.se\/nyheter\/tv\/article2462352.ece\" target=\"_blank\">med<\/a><a href=\"http:\/\/www.alome.se\/\" target=\"_blank\"> Alome<\/a> <a href=\"http:\/\/www.dagensmedia.se\/nyheter\/tv\/article2462358.ece\" target=\"_blank\">som<\/a> <a href=\"http:\/\/www.sydsvenskan.se\/sverige\/article1213905\/TV%C2%A04-sander-inte-SDs-valfilm.html\" target=\"_blank\">de<\/a> <a href=\"http:\/\/www.gp.se\/nyheter\/sverige\/1.433832-ovisst-om-tv-4-visar-sd-s-valfilm \" target=\"_blank\">sen<\/a> <a href=\"http:\/\/www.gp.se\/nyheter\/sverige\/1.433977-tv-4-stoppar-sd-s-valfilm\" target=\"_blank\">vill<\/a> <a href=\"http:\/\/www.gp.se\/nyheter\/sverige\/1.433659-tv-4-sander-inte-sd-s-valfilm\" target=\"_blank\">s\u00e4nda<\/a> <a href=\"http:\/\/www.gp.se\/nyheter\/valet2010\/1.433634-sd-s-valfilm-i-blasvader \" target=\"_blank\">i TV4<\/a>. <a href=\"http:\/\/www.dn.se\/nyheter\/valet2010\/tv4-stoppar-sds-reklamfilm-1.1160689\" target=\"_blank\">Jan Scherman<\/a> <a href=\"http:\/\/www.aftonbladet.se\/nyheter\/valet2010\/article7684368.ab\" target=\"_blank\">s\u00e4ger<\/a> <a href=\"http:\/\/blogg.aftonbladet.se\/proffstyckarna\/2010\/08\/bara-sverigedemokraterna-ar-vinnare-i-dag\" target=\"_blank\">s\u00e5<\/a> <a href=\"http:\/\/pokjellberg.blogspot.com\/2010\/08\/tv4-och-sd.html\" target=\"_blank\">klart<\/a> <a href=\"http:\/\/www.skivadlime.se\/2010\/08\/grundkurs-i-praktisk-yttrandefrihet\/\" target=\"_blank\">nej<\/a> <a href=\"http:\/\/www.flm.nu\/?p=1562\" target=\"_blank\">och<\/a> <a href=\"http:\/\/blogg.expressen.se\/opinionsbloggen\/entry.jsp?messid=617836\" target=\"_blank\">har<\/a> <a href=\"http:\/\/johannesc.wordpress.com\/2010\/08\/27\/sds-reklamfilm\/\" target=\"_blank\">d\u00e4rmed<\/a><a href=\"http:\/\/ulf-vargek.blogspot.com\/2010\/08\/sd-filmen-ar-hets-mot-folkgrupp.html\" target=\"_blank\"> gjort<\/a> <a href=\"http:\/\/www.sverigedemokraterna.de\/\">Sverigdemokraterna<\/a> <a href=\"http:\/\/lumaol.wordpress.com\/2010\/08\/27\/har-jag-bidragit-till-detta\/\" target=\"_blank\">som<\/a> <a href=\"http:\/\/tankarfranroten.wordpress.com\/2010\/08\/27\/konsumentmakt-mot-rasistpropaganda\/\" target=\"_blank\">martyerer.<\/a> <a href=\"http:\/\/outad.blogspot.com\/2010\/08\/sds-valfilm-lat-inte-burkaspokena-ata.html\" target=\"_blank\">Filmen<\/a> <a href=\"http:\/\/blogg.aftonbladet.se\/lisamagnusson\/2010\/08\/sverigedemokraternas-skrackpropaganda\" target=\"_blank\">\u00e4r<\/a> <a href=\"http:\/\/svtdebatt.se\/2010\/08\/den-har-artikeln-kommer-ge-sverigedemokraterna-fler-roster\/\" target=\"_blank\">extremt<\/a> <a href=\"http:\/\/andreasjohanssonheino.blogspot.com\/2010\/08\/taktiskt-misstag-av-sverigedemokraterna.html\" target=\"_blank\">vinklad<\/a>, s\u00e5 klart!<\/p>\n<p>Vad jag inte f\u00f6rst\u00e5r \u00e4r att det \u00e4r en helt annan bild av <a href=\"http:\/\/www.sverigedemokraterna.de\/\" target=\"_blank\">SD<\/a> \u00e4n den de f\u00f6rs\u00f6kt f\u00f6ra fram de senaste \u00e5ren. H\u00e4r kommer de ju ut ur garderoben. Den h\u00e4r myskostym bilden av partier raseras ju h\u00e4r helt. En \u00f6vergripande strategi tycks ju inte finnas.<\/p>\n<p>TV4 borde visa filmen s\u00e5 folk fick upp \u00f6gonen f\u00f6r vem <a href=\"http:\/\/www.sverigedemokraterna.de\/\" target=\"_blank\">SD<\/a> \u00e4r och hur de t\u00e4nker. F\u00f6r med denna vinner de inga r\u00f6ster. Snarare f\u00e5r de en v\u00e4ckarklocka p\u00e5 vad <a href=\"http:\/\/www.sverigedemokraterna.de\/\">Sverigedemokraterna<\/a> st\u00e5r f\u00f6r.<\/p>\n<p>Jan Scherman, g\u00f6r om g\u00f6r r\u00e4tt. Bli inte en springpojke till <a href=\"http:\/\/www.sverigedemokraterna.de\/\" target=\"_blank\">SD<\/a>. <a href=\"http:\/\/tyskungen.se\/?p=7345\" target=\"_blank\">S\u00e5g att Tyskungen sammanfattat min tankar bra!<\/a><\/p>\n","protected":false},"excerpt":{"rendered":"<p>Sverigedemokraterna \u00e4r inte dumma. De har tagit fram en film tillsammans med Alome som de sen vill s\u00e4nda i TV4. Jan Scherman s\u00e4ger s\u00e5 klart nej och har d\u00e4rmed gjort Sverigdemokraterna som martyerer. Filmen \u00e4r extremt vinklad, s\u00e5 klart! Vad jag inte f\u00f6rst\u00e5r \u00e4r att det \u00e4r en helt annan bild av SD \u00e4n den [&hellip;]<\/p>\n","protected":false},"author":1,"featured_media":0,"comment_status":"open","ping_status":"open","sticky":false,"template":"","format":"standard","meta":{"footnotes":""},"categories":[50],"tags":[1752,325,320,326,327],"class_list":["post-365","post","type-post","status-publish","format-standard","hentry","category-politik","tag-politik","tag-sverigedemokraterna","tag-tv4","tag-valet-2010","tag-valrorelsen"],"aioseo_notices":[],"_links":{"self":[{"href":"https:\/\/www.creativedirector.se\/blog\/wp-json\/wp\/v2\/posts\/365","targetHints":{"allow":["GET"]}}],"collection":[{"href":"https:\/\/www.creativedirector.se\/blog\/wp-json\/wp\/v2\/posts"}],"about":[{"href":"https:\/\/www.creativedirector.se\/blog\/wp-json\/wp\/v2\/types\/post"}],"author":[{"embeddable":true,"href":"https:\/\/www.creativedirector.se\/blog\/wp-json\/wp\/v2\/users\/1"}],"replies":[{"embeddable":true,"href":"https:\/\/www.creativedirector.se\/blog\/wp-json\/wp\/v2\/comments?post=365"}],"version-history":[{"count":9,"href":"https:\/\/www.creativedirector.se\/blog\/wp-json\/wp\/v2\/posts\/365\/revisions"}],"predecessor-version":[{"id":375,"href":"https:\/\/www.creativedirector.se\/blog\/wp-json\/wp\/v2\/posts\/365\/revisions\/375"}],"wp:attachment":[{"href":"https:\/\/www.creativedirector.se\/blog\/wp-json\/wp\/v2\/media?parent=365"}],"wp:term":[{"taxonomy":"category","embeddable":true,"href":"https:\/\/www.creativedirector.se\/blog\/wp-json\/wp\/v2\/categories?post=365"},{"taxonomy":"post_tag","embeddable":true,"href":"https:\/\/www.creativedirector.se\/blog\/wp-json\/wp\/v2\/tags?post=365"}],"curies":[{"name":"wp","href":"https:\/\/api.w.org\/{rel}","templated":true}]}}