{"id":358,"date":"2010-08-24T17:22:38","date_gmt":"2010-08-24T17:22:38","guid":{"rendered":"http:\/\/www.creativedirector.se\/blog\/?p=358"},"modified":"2010-08-24T17:22:38","modified_gmt":"2010-08-24T17:22:38","slug":"fredrik-federley-partiledare-inom-kort","status":"publish","type":"post","link":"https:\/\/www.creativedirector.se\/blog\/2010\/08\/24\/fredrik-federley-partiledare-inom-kort\/","title":{"rendered":"Fredrik Federley, partiledare inom kort?"},"content":{"rendered":"<p><img decoding=\"async\" class=\"alignnone\" src=\"http:\/\/img.skitch.com\/20100824-bu98ad9x92d9ghn73kr93q1uc2.jpg\" alt=\"Fredrik Federley, partiledare inom kort f\u00f6r centerpartiet?\" width=\"680\" height=\"401\" \/><\/p>\n<p><a href=\"http:\/\/federley.blogspot.com\/2010\/08\/utlandsrostar-du.html\" target=\"_blank\">Fredrik Federley<\/a><a href=\"http:\/\/www.gp.se\/nyheter\/valet2010\/1.431513-federley-tvingades-ta-drogtest \" target=\"_blank\"> och jag<\/a> <a href=\"http:\/\/www.dn.se\/nyheter\/valet2010\/federley-tvingades-ta-drogtest-1.1158817\" target=\"_blank\">har inte alltid<\/a> <a href=\"http:\/\/www.svd.se\/nyheter\/inrikes\/federley-tvingades-ta-drogtest_5183463.svd\" target=\"_blank\">varit \u00f6verens.<\/a> <a href=\"http:\/\/hd.se\/inrikes\/2010\/08\/24\/federley-tvingades-ta-drogtest\/\" target=\"_blank\">En del som f\u00f6ljt min blogg p\u00e5<\/a><a href=\"http:\/\/www.expressen.se\/nyheter\/val2010\/1.2107912\/partiet-tvingade-fredrick-federley-till-drogtest\" target=\"_blank\"> den gamla goda tiden<\/a> <a href=\"http:\/\/www.aftonbladet.se\/nyheter\/article7668383.ab\" target=\"_blank\">minns s\u00e4kert min besvikelse efter FRA debatten.<\/a> <a href=\"http:\/\/www.expressen.se\/nyheter\/val2010\/1.2108770\/fredrick-federley-jag-gillar-i-grunden-maud\" target=\"_blank\">Fast jag tycker Fredrik Federley<\/a> i m\u00e5nga andra fr\u00e5gor \u00e4r mycket bra. Han g\u00f6r att centern inte k\u00e4nns som det d\u00e4r trista och tr\u00e5kiga partiet som de annars f\u00f6rs\u00f6ker ses som.<\/p>\n<p>Vad jag tycker \u00e4r trist \u00e4r hur avh\u00e4ngd och ute i kylan han \u00e4r. Det \u00e4r inte bra att inte utnyttja den mediala talang som Fredrik Federley innehar. Fast vi har en statsminister som var lika h\u00e5rt ute i kylan f\u00f6r ett antal \u00e5r sedan. S\u00e5 Fredrik Federley, h\u00e5ll ut. Det kan \u00e4ndra sig. Fredrik Federley du kanske blir partiledare inom kort?<\/p>\n","protected":false},"excerpt":{"rendered":"<p>Fredrik Federley och jag har inte alltid varit \u00f6verens. En del som f\u00f6ljt min blogg p\u00e5 den gamla goda tiden minns s\u00e4kert min besvikelse efter FRA debatten. Fast jag tycker Fredrik Federley i m\u00e5nga andra fr\u00e5gor \u00e4r mycket bra. Han g\u00f6r att centern inte k\u00e4nns som det d\u00e4r trista och tr\u00e5kiga partiet som de annars [&hellip;]<\/p>\n","protected":false},"author":1,"featured_media":0,"comment_status":"open","ping_status":"open","sticky":false,"template":"","format":"standard","meta":{"footnotes":""},"categories":[50],"tags":[187,324,1752,184,206],"class_list":["post-358","post","type-post","status-publish","format-standard","hentry","category-politik","tag-centerpartiet","tag-fredrik-federley","tag-politik","tag-val-2010","tag-valrorelse"],"aioseo_notices":[],"_links":{"self":[{"href":"https:\/\/www.creativedirector.se\/blog\/wp-json\/wp\/v2\/posts\/358","targetHints":{"allow":["GET"]}}],"collection":[{"href":"https:\/\/www.creativedirector.se\/blog\/wp-json\/wp\/v2\/posts"}],"about":[{"href":"https:\/\/www.creativedirector.se\/blog\/wp-json\/wp\/v2\/types\/post"}],"author":[{"embeddable":true,"href":"https:\/\/www.creativedirector.se\/blog\/wp-json\/wp\/v2\/users\/1"}],"replies":[{"embeddable":true,"href":"https:\/\/www.creativedirector.se\/blog\/wp-json\/wp\/v2\/comments?post=358"}],"version-history":[{"count":2,"href":"https:\/\/www.creativedirector.se\/blog\/wp-json\/wp\/v2\/posts\/358\/revisions"}],"predecessor-version":[{"id":360,"href":"https:\/\/www.creativedirector.se\/blog\/wp-json\/wp\/v2\/posts\/358\/revisions\/360"}],"wp:attachment":[{"href":"https:\/\/www.creativedirector.se\/blog\/wp-json\/wp\/v2\/media?parent=358"}],"wp:term":[{"taxonomy":"category","embeddable":true,"href":"https:\/\/www.creativedirector.se\/blog\/wp-json\/wp\/v2\/categories?post=358"},{"taxonomy":"post_tag","embeddable":true,"href":"https:\/\/www.creativedirector.se\/blog\/wp-json\/wp\/v2\/tags?post=358"}],"curies":[{"name":"wp","href":"https:\/\/api.w.org\/{rel}","templated":true}]}}