{"id":341,"date":"2010-08-23T09:17:43","date_gmt":"2010-08-23T09:17:43","guid":{"rendered":"http:\/\/www.creativedirector.se\/blog\/?p=341"},"modified":"2010-08-23T10:22:10","modified_gmt":"2010-08-23T10:22:10","slug":"bodstrom-knarkar-eller-hur-tror-han-det-hela-skall-tolkas","status":"publish","type":"post","link":"https:\/\/www.creativedirector.se\/blog\/2010\/08\/23\/bodstrom-knarkar-eller-hur-tror-han-det-hela-skall-tolkas\/","title":{"rendered":"Bodstr\u00f6m knarkar? Eller hur tror han det hela skall tolkas?"},"content":{"rendered":"<p><object id=\"F-p565rkuzuul441eP_QwA\" classid=\"clsid:d27cdb6e-ae6d-11cf-96b8-444553540000\" width=\"579\" height=\"358\" codebase=\"http:\/\/download.macromedia.com\/pub\/shockwave\/cabs\/flash\/swflash.cab#version=6,0,40,0\"><param name=\"allowFullScreen\" value=\"true\" \/><param name=\"wmode\" value=\"transparent\" \/><param name=\"flashvars\" value=\"config=http%3A\/\/csp.picsearch.com\/playlist%3Fauth%3DizieeryvoM6yxe9rSGtHyY96bSrbhCKHt_r4x3Akffkj9rpUE9Bg0zQiTPfKeANujpXBGEPMnjSqwGQiF2fJtf7s9tNGS7_98TSfb4u1d6xWSIP0nBSGIA\" \/><param name=\"allowscriptaccess\" value=\"always\" \/><param name=\"src\" value=\"http:\/\/csp.picsearch.com\/players\/obsidian.swf\" \/><param name=\"allowfullscreen\" value=\"true\" \/><embed id=\"F-p565rkuzuul441eP_QwA\" type=\"application\/x-shockwave-flash\" width=\"579\" height=\"358\" src=\"http:\/\/csp.picsearch.com\/players\/obsidian.swf\" allowscriptaccess=\"always\" flashvars=\"config=http%3A\/\/csp.picsearch.com\/playlist%3Fauth%3DizieeryvoM6yxe9rSGtHyY96bSrbhCKHt_r4x3Akffkj9rpUE9Bg0zQiTPfKeANujpXBGEPMnjSqwGQiF2fJtf7s9tNGS7_98TSfb4u1d6xWSIP0nBSGIA\" wmode=\"transparent\" allowfullscreen=\"true\"><\/embed><\/object><\/p>\n<p><a href=\"http:\/\/www.sydsvenskan.se\/sverige\/article1209304\/Bodstrom-avbojde-drogtest.html\" target=\"_blank\">Det finns<\/a> <a href=\"http:\/\/www.dn.se\/nyheter\/valet2010\/bodstrom-avbojde-drogtest-1.1157575\" target=\"_blank\">politiska sj\u00e4lvm\u00e5l<\/a> <a href=\"http:\/\/www.svd.se\/nyheter\/inrikes\/bodstrom-avbojde-drogtest_5173469.svd \" target=\"_blank\">som sl\u00e5r allt.<\/a> <a href=\"http:\/\/www.gp.se\/nyheter\/sverige\/1.430568-bodstrom-avbojde-drogtest\" target=\"_blank\">Som en straff i<\/a> <a href=\"http:\/\/www.expressen.se\/Nyheter\/1.2106670\/thomas-bodstrom-smiter-fran-drogtest\" target=\"_blank\">\u00f6ppet m\u00e5l,<\/a> <a href=\"http:\/\/blogg.expressen.se\/opinionsbloggen\/entry.jsp?messid=616961\" target=\"_blank\">lyckas P3 f\u00e5<\/a><a href=\"http:\/\/www.aftonbladet.se\/webbtv\/nyheter\/inrikes\/article7657319.ab\" target=\"_blank\"> Bodstr\u00f6m p\u00e5 fall.<\/a> <a href=\"http:\/\/www.aftonbladet.se\/nyheter\/valet2010\/article7657867.ab\" target=\"_blank\">I sann fotbollsanda s\u00e5 filmar Bodstr\u00f6m<\/a> <a href=\"http:\/\/sverigesradio.se\/sida\/default.aspx?ProgramID=1646\" target=\"_blank\">och &#8220;k\u00e4nner inte f\u00f6r det&#8221;.<\/a><a href=\"http:\/\/www.resume.se\/asikter\/viggos_dagbok2\/2010\/08\/23\/bodstrom-fast-i-svettig-me\/index.xml\" target=\"_blank\"> Jag hade aldrig trott detta om Thomas Bodstr\u00f6m (S).<\/a> Thomas Bodstr\u00f6m \u00e4r inte bara en av de stora stj\u00e4rnorna f\u00f6r Socialdemokraterna, han \u00e4r med ordf\u00f6randen i justitieutskottet.<\/p>\n<p>Som i alla andra lagidrotter s\u00e5 g\u00e4ller det att st\u00e4lla upp f\u00f6r laget. Nu st\u00e5r de andra r\u00f6dgr\u00f6na och ser dumma ut. F\u00f6r varf\u00f6r ville inte Thomas Bodstr\u00f6m testa sig? N\u00e5gon f\u00f6rklaring m\u00e5ste ju finnas, eller hur? Skulle tippa p\u00e5 att jag och m\u00e5nga andra fick k\u00e4nslan att han d\u00f6ljer n\u00e5got. F\u00f6r visst knarkar inte Thomas Bodstr\u00f6m? Eller hur skall vi v\u00e4ljare t\u00e4nka? Speciellt efter att ha sett klippet s\u00e5 finns fr\u00e5gan kvar. Knarkar Thomas Bodstr\u00f6m? Eller?<\/p>\n<p>Detta kommer kosta Socialdemokraterna fart ett par dagar, n\u00e5got som de r\u00f6dgr\u00f6na inte beh\u00f6ver just nu. Nu g\u00e4ller det att kissa p\u00e5 stickan, illa kvickt, f\u00f6r att f\u00e5 denna aff\u00e4r ur v\u00e4rlden. Eller spelare Thomas Bodstr\u00f6m f\u00f6r det andra laget?<\/p>\n","protected":false},"excerpt":{"rendered":"<p>Det finns politiska sj\u00e4lvm\u00e5l som sl\u00e5r allt. Som en straff i \u00f6ppet m\u00e5l, lyckas P3 f\u00e5 Bodstr\u00f6m p\u00e5 fall. I sann fotbollsanda s\u00e5 filmar Bodstr\u00f6m och &#8220;k\u00e4nner inte f\u00f6r det&#8221;. Jag hade aldrig trott detta om Thomas Bodstr\u00f6m (S). Thomas Bodstr\u00f6m \u00e4r inte bara en av de stora stj\u00e4rnorna f\u00f6r Socialdemokraterna, han \u00e4r med ordf\u00f6randen [&hellip;]<\/p>\n","protected":false},"author":1,"featured_media":0,"comment_status":"open","ping_status":"open","sticky":false,"template":"","format":"standard","meta":{"footnotes":""},"categories":[50],"tags":[309,311,101,310,308],"class_list":["post-341","post","type-post","status-publish","format-standard","hentry","category-politik","tag-droger","tag-drogtest","tag-socialdemokraterna","tag-test","tag-thomas-bodstrom"],"aioseo_notices":[],"_links":{"self":[{"href":"https:\/\/www.creativedirector.se\/blog\/wp-json\/wp\/v2\/posts\/341","targetHints":{"allow":["GET"]}}],"collection":[{"href":"https:\/\/www.creativedirector.se\/blog\/wp-json\/wp\/v2\/posts"}],"about":[{"href":"https:\/\/www.creativedirector.se\/blog\/wp-json\/wp\/v2\/types\/post"}],"author":[{"embeddable":true,"href":"https:\/\/www.creativedirector.se\/blog\/wp-json\/wp\/v2\/users\/1"}],"replies":[{"embeddable":true,"href":"https:\/\/www.creativedirector.se\/blog\/wp-json\/wp\/v2\/comments?post=341"}],"version-history":[{"count":3,"href":"https:\/\/www.creativedirector.se\/blog\/wp-json\/wp\/v2\/posts\/341\/revisions"}],"predecessor-version":[{"id":344,"href":"https:\/\/www.creativedirector.se\/blog\/wp-json\/wp\/v2\/posts\/341\/revisions\/344"}],"wp:attachment":[{"href":"https:\/\/www.creativedirector.se\/blog\/wp-json\/wp\/v2\/media?parent=341"}],"wp:term":[{"taxonomy":"category","embeddable":true,"href":"https:\/\/www.creativedirector.se\/blog\/wp-json\/wp\/v2\/categories?post=341"},{"taxonomy":"post_tag","embeddable":true,"href":"https:\/\/www.creativedirector.se\/blog\/wp-json\/wp\/v2\/tags?post=341"}],"curies":[{"name":"wp","href":"https:\/\/api.w.org\/{rel}","templated":true}]}}