{"id":230,"date":"2010-08-25T06:44:42","date_gmt":"2010-08-25T06:44:42","guid":{"rendered":"http:\/\/www.creativedirector.se\/blog\/?p=230"},"modified":"2010-08-21T06:40:25","modified_gmt":"2010-08-21T06:40:25","slug":"ipad-kommer-till-sverige-ja-nar-kommer-den-oktober-ar-mitt-tips","status":"publish","type":"post","link":"https:\/\/www.creativedirector.se\/blog\/2010\/08\/25\/ipad-kommer-till-sverige-ja-nar-kommer-den-oktober-ar-mitt-tips\/","title":{"rendered":"iPad kommer till Sverige, ja n\u00e4r kommer den? Oktober \u00e4r mitt tips!"},"content":{"rendered":"<p><object classid=\"clsid:d27cdb6e-ae6d-11cf-96b8-444553540000\" width=\"679\" height=\"407\" codebase=\"http:\/\/download.macromedia.com\/pub\/shockwave\/cabs\/flash\/swflash.cab#version=6,0,40,0\"><param name=\"allowFullScreen\" value=\"true\" \/><param name=\"allowscriptaccess\" value=\"always\" \/><param name=\"src\" value=\"http:\/\/www.youtube.com\/v\/AEX60VCIp9o?fs=1&amp;hl=sv_SE&amp;rel=0\" \/><param name=\"allowfullscreen\" value=\"true\" \/><embed type=\"application\/x-shockwave-flash\" width=\"679\" height=\"407\" src=\"http:\/\/www.youtube.com\/v\/AEX60VCIp9o?fs=1&amp;hl=sv_SE&amp;rel=0\" allowscriptaccess=\"always\" allowfullscreen=\"true\"><\/embed><\/object><\/p>\n<p>Apples iPad har tycks aldrig komma hit officiellt. Det k\u00e4nns s\u00e5. Fast nu har jag h\u00f6rt mig f\u00f6r och det tycks som om i slutet p\u00e5 september och b\u00f6rjan p\u00e5 oktober, kan vara tillf\u00e4llet d\u00e5 det h\u00e4nder.<\/p>\n<p>Sj\u00e4lv s\u00e5 har jag lekt med en iPad en del, men jag vill k\u00f6pa min \u00f6ver disk i Sverige ifr\u00e5n en \u00e5terf\u00f6rs\u00e4ljare jag brukar g\u00f6ra aff\u00e4rer med. Gl\u00f6m inte att bes\u00f6ka <a href=\"http:\/\/ijustine.com\/\" target=\"_blank\">iJustine<\/a>!<\/p>\n","protected":false},"excerpt":{"rendered":"<p>Apples iPad har tycks aldrig komma hit officiellt. Det k\u00e4nns s\u00e5. Fast nu har jag h\u00f6rt mig f\u00f6r och det tycks som om i slutet p\u00e5 september och b\u00f6rjan p\u00e5 oktober, kan vara tillf\u00e4llet d\u00e5 det h\u00e4nder. Sj\u00e4lv s\u00e5 har jag lekt med en iPad en del, men jag vill k\u00f6pa min \u00f6ver disk i [&hellip;]<\/p>\n","protected":false},"author":1,"featured_media":0,"comment_status":"open","ping_status":"open","sticky":false,"template":"","format":"standard","meta":{"footnotes":""},"categories":[135],"tags":[210,223,224],"class_list":["post-230","post","type-post","status-publish","format-standard","hentry","category-it","tag-apple","tag-ipad","tag-sverige"],"aioseo_notices":[],"_links":{"self":[{"href":"https:\/\/www.creativedirector.se\/blog\/wp-json\/wp\/v2\/posts\/230","targetHints":{"allow":["GET"]}}],"collection":[{"href":"https:\/\/www.creativedirector.se\/blog\/wp-json\/wp\/v2\/posts"}],"about":[{"href":"https:\/\/www.creativedirector.se\/blog\/wp-json\/wp\/v2\/types\/post"}],"author":[{"embeddable":true,"href":"https:\/\/www.creativedirector.se\/blog\/wp-json\/wp\/v2\/users\/1"}],"replies":[{"embeddable":true,"href":"https:\/\/www.creativedirector.se\/blog\/wp-json\/wp\/v2\/comments?post=230"}],"version-history":[{"count":2,"href":"https:\/\/www.creativedirector.se\/blog\/wp-json\/wp\/v2\/posts\/230\/revisions"}],"predecessor-version":[{"id":302,"href":"https:\/\/www.creativedirector.se\/blog\/wp-json\/wp\/v2\/posts\/230\/revisions\/302"}],"wp:attachment":[{"href":"https:\/\/www.creativedirector.se\/blog\/wp-json\/wp\/v2\/media?parent=230"}],"wp:term":[{"taxonomy":"category","embeddable":true,"href":"https:\/\/www.creativedirector.se\/blog\/wp-json\/wp\/v2\/categories?post=230"},{"taxonomy":"post_tag","embeddable":true,"href":"https:\/\/www.creativedirector.se\/blog\/wp-json\/wp\/v2\/tags?post=230"}],"curies":[{"name":"wp","href":"https:\/\/api.w.org\/{rel}","templated":true}]}}