{"id":218,"date":"2010-08-13T12:37:00","date_gmt":"2010-08-13T12:37:00","guid":{"rendered":"http:\/\/www.creativedirector.se\/blog\/?p=218"},"modified":"2010-08-13T12:45:00","modified_gmt":"2010-08-13T12:45:00","slug":"lo-superdumt-dunderfult-megatrist","status":"publish","type":"post","link":"https:\/\/www.creativedirector.se\/blog\/2010\/08\/13\/lo-superdumt-dunderfult-megatrist\/","title":{"rendered":"LO, superdumt, dunderfult &#038; megatrist"},"content":{"rendered":"<p><img decoding=\"async\" class=\"alignnone\" src=\"http:\/\/img.skitch.com\/20100813-kadkfbj3d19hcjh72cktbsk94d.jpg\" alt=\"LO valkampanj f\u00f6r Socialdemokraterna\" width=\"680\" height=\"963\" \/><\/p>\n<p><img decoding=\"async\" class=\"alignnone\" src=\"http:\/\/img.skitch.com\/20100813-tbpphs8c5gwg5w1wx692me8iwa.jpg\" alt=\"LO, superkorkade valkampanj f\u00f6r Socialdemokraterna\" width=\"680\" height=\"967\" \/><\/p>\n<p><img decoding=\"async\" class=\"alignnone\" src=\"http:\/\/img.skitch.com\/20100813-6xyqkseybsd4itfwmj9p2n9rb.jpg\" alt=\"LO, dum, dummare och dummast, urkorkat d\u00e5lig kampanj av LO\/ETC\" width=\"680\" height=\"963\" \/><\/p>\n<p><img decoding=\"async\" class=\"alignnone\" src=\"http:\/\/img.skitch.com\/20100813-8s9ubewhm587a6mn5y9ie8fmix.jpg\" alt=\"LO valkampanj r\u00f6sta p\u00e5 socialdemokraterna\" width=\"680\" height=\"964\" \/><\/p>\n<p><img decoding=\"async\" class=\"alignnone\" src=\"http:\/\/img.skitch.com\/20100813-ex928u73i44ujbawc3hia7847h.jpg\" alt=\"LO mobbing p\u00e5 h\u00f6g niv\u00e5, helt ok enligt Socialdemokraternas kompisar i LO\" width=\"680\" height=\"962\" \/><\/p>\n<p><img decoding=\"async\" class=\"alignnone\" src=\"http:\/\/img.skitch.com\/20100813-fr249banug2kw4hckqqjhhknw3.jpg\" alt=\"LO g\u00f6r fel g\u00e5ng p\u00e5 g\u00e5ng, valet 2010\" width=\"680\" height=\"963\" \/><\/p>\n<p><img decoding=\"async\" class=\"alignnone\" src=\"http:\/\/img.skitch.com\/20100813-t6cpbgiyhtru7i2n6wmx6kktnx.jpg\" alt=\"LO st\u00f6djer socialdemokraterna\" width=\"680\" height=\"964\" \/><\/p>\n<p><a href=\"http:\/\/www.dagensmedia.se\/nyheter\/kampanjer\/article2455660.ece\" target=\"_blank\">LO<\/a> <a href=\"http:\/\/resume.se\/nyheter\/2010\/08\/13\/ruth-har-bade-lo-och-kd-so\/\" target=\"_blank\">har<\/a> <a href=\"http:\/\/resume.se\/nyheter\/2010\/08\/13\/9-mkr-i-stodkampanj\/\" target=\"_blank\">visat<\/a> <a href=\"http:\/\/www.svd.se\/nyheter\/inrikes\/lo-satsar-miljoner-pa-s-seger_5130257.svd\" target=\"_blank\">upp<\/a> <a href=\"http:\/\/anybodys-place.blogspot.com\/2010\/08\/jag-ar-ingen-sosse.html\" target=\"_blank\">vad<\/a> <a href=\"http:\/\/svenskhistoria.blogspot.com\/2010\/08\/runt-300-sek-per-valjare.html\" target=\"_blank\">de<\/a> <a href=\"http:\/\/www.ekonomism.us\/?e=2686\" target=\"_blank\">bidrar<\/a> <a href=\"http:\/\/www.gp.se\/nyheter\/sverige\/1.424871-lo-satsar-miljoner-pa-s-seger \" target=\"_blank\">med i<\/a> <a href=\"http:\/\/hd.se\/inrikes\/2010\/08\/13\/lo-satsar-miljoner-pa-s-seger\/\" target=\"_blank\">valet<\/a> <a href=\"http:\/\/www.sydsvenskan.se\/val2010\/article1201752\/LO-satsar-miljoner-pa-S-seger.html\" target=\"_blank\">2010.<\/a> De st\u00e5r som vanligt bakom S, med sina budskap. De v\u00e4ljer allts\u00e5 inte sida med det nya arbetarpartiet. Fast det hade v\u00e4l ingen trott?<\/p>\n<p>Vad som dock \u00e4r skr\u00e4mmande \u00e4r hur d\u00e5ligt de genomf\u00f6r sitt hantverk. Det \u00e4r visst ETC som gjort formen och ha en text mitt \u00f6ver som kr\u00e4ver att man vrider p\u00e5 huvudet f\u00f6r att l\u00e4sa \u00e4r s\u00e5 korkat d\u00e5ligt att man borde fr\u00e5ga sig om det \u00e4r medvetet gjort f\u00f6r att slippa st\u00e5 f\u00f6r budskapen. F\u00f6r det \u00e4r en copy som gud gl\u00f6mde. Jag trodde f\u00f6rst det var ett sk\u00e4mt, men de fanns p\u00e5 LOs hemsida, s\u00e5 jag f\u00e5r v\u00e4l inse de menar allvar med det.<\/p>\n<p>Det som f\u00f6rv\u00e5nar \u00e4r att de kompletterar med en text i liten grad. Som de tror att n\u00e5gon kommer orka l\u00e4sa. Jag tror inte alls det. Jag \u00e4r n\u00e4stan s\u00e4ker p\u00e5 att de flesta inte kommer orka l\u00e4sa det. Att sen v\u00e4nda motst\u00e5ndarnas bilder upp och ner, ja, jag finner inte ord f\u00f6r hur dumt och neds\u00e4ttande det \u00e4r. Det \u00e4r i klass med MUFs piltavlor med Olof Palme p\u00e5. S\u00e5 dumt \u00e4r det. Jag trodde 2010 att budskapen var viktigare \u00e4n personangrepp. Men LO st\u00e5r d\u00e4r som den stora mobbaren. Det hade jag inte trott. IQ befriade kampanjer av denna niv\u00e5n trodde jag vi skulle slippa. Fast LO k\u00f6r p\u00e5 nytt fram en amerikansk kampanjniv\u00e5 som bara kan sammanfattas med avskyv\u00e4rt pinsamt. H\u00e4r \u00e4r det sv\u00e5rt att g\u00f6ra om och g\u00f6ra r\u00e4tt, f\u00f6r n\u00e4r det inte finns n\u00e5gon substans att jobba med, d\u00e5 st\u00e5r man d\u00e4r.<\/p>\n<p>Betyg 0 av 10 m\u00f6jliga.<\/p>\n<p>Ni kan l\u00e4sa om vad jag tyckte om <a href=\"http:\/\/www.creativedirector.se\/blog\/fulltraff-for-kd-in-i-djurens-varld-en-snackis-genom-hela-valrorelsen\/\" target=\"_blank\">Kristdemokraterna h\u00e4r<\/a>, <a href=\"http:\/\/www.creativedirector.se\/blog\/moderaterna-kopierar-friskt-de-nya-socialdemokraterna\/\" target=\"_blank\">Moderaterna h\u00e4r<\/a>, <a href=\"http:\/\/www.creativedirector.se\/blog\/miljopartiet-modernisera-sverige-valet-2010\/\" target=\"_blank\">Milj\u00f6partiet h\u00e4r<\/a> och <a href=\"http:\/\/www.creativedirector.se\/blog\/alliansen-detta-ar-inte-godkant-garbergs-gor-om-och-gor-ratt\/\" target=\"_blank\">Alliansen h\u00e4r<\/a>.<\/p>\n","protected":false},"excerpt":{"rendered":"<p>LO har visat upp vad de bidrar med i valet 2010. De st\u00e5r som vanligt bakom S, med sina budskap. De v\u00e4ljer allts\u00e5 inte sida med det nya arbetarpartiet. Fast det hade v\u00e4l ingen trott? Vad som dock \u00e4r skr\u00e4mmande \u00e4r hur d\u00e5ligt de genomf\u00f6r sitt hantverk. Det \u00e4r visst ETC som gjort formen och [&hellip;]<\/p>\n","protected":false},"author":1,"featured_media":0,"comment_status":"open","ping_status":"open","sticky":false,"template":"","format":"standard","meta":{"footnotes":""},"categories":[50],"tags":[215,213,212,216,101,214],"class_list":["post-218","post","type-post","status-publish","format-standard","hentry","category-politik","tag-dunderfult","tag-etc","tag-lo","tag-megatrist","tag-socialdemokraterna","tag-superdumt"],"aioseo_notices":[],"_links":{"self":[{"href":"https:\/\/www.creativedirector.se\/blog\/wp-json\/wp\/v2\/posts\/218","targetHints":{"allow":["GET"]}}],"collection":[{"href":"https:\/\/www.creativedirector.se\/blog\/wp-json\/wp\/v2\/posts"}],"about":[{"href":"https:\/\/www.creativedirector.se\/blog\/wp-json\/wp\/v2\/types\/post"}],"author":[{"embeddable":true,"href":"https:\/\/www.creativedirector.se\/blog\/wp-json\/wp\/v2\/users\/1"}],"replies":[{"embeddable":true,"href":"https:\/\/www.creativedirector.se\/blog\/wp-json\/wp\/v2\/comments?post=218"}],"version-history":[{"count":4,"href":"https:\/\/www.creativedirector.se\/blog\/wp-json\/wp\/v2\/posts\/218\/revisions"}],"predecessor-version":[{"id":221,"href":"https:\/\/www.creativedirector.se\/blog\/wp-json\/wp\/v2\/posts\/218\/revisions\/221"}],"wp:attachment":[{"href":"https:\/\/www.creativedirector.se\/blog\/wp-json\/wp\/v2\/media?parent=218"}],"wp:term":[{"taxonomy":"category","embeddable":true,"href":"https:\/\/www.creativedirector.se\/blog\/wp-json\/wp\/v2\/categories?post=218"},{"taxonomy":"post_tag","embeddable":true,"href":"https:\/\/www.creativedirector.se\/blog\/wp-json\/wp\/v2\/tags?post=218"}],"curies":[{"name":"wp","href":"https:\/\/api.w.org\/{rel}","templated":true}]}}