{"id":204,"date":"2010-08-12T21:22:21","date_gmt":"2010-08-12T21:22:21","guid":{"rendered":"http:\/\/www.creativedirector.se\/blog\/?p=204"},"modified":"2010-08-12T21:22:21","modified_gmt":"2010-08-12T21:22:21","slug":"moderaterna-kopierar-friskt-de-nya-socialdemokraterna","status":"publish","type":"post","link":"https:\/\/www.creativedirector.se\/blog\/2010\/08\/12\/moderaterna-kopierar-friskt-de-nya-socialdemokraterna\/","title":{"rendered":"Moderaterna, kopierar friskt, de nya Socialdemokraterna?"},"content":{"rendered":"<p><img decoding=\"async\" class=\"alignnone\" src=\"http:\/\/img.skitch.com\/20100812-tnxjf433w7upi2nw37ii26yd5w.jpg\" alt=\"Moderaterna tillsammans, valet 2010\" width=\"680\" height=\"953\" \/><\/p>\n<p><img decoding=\"async\" class=\"alignnone\" src=\"http:\/\/img.skitch.com\/20100812-rm768j8bra1xhch47164yt4nm3.jpg\" alt=\"Moderat kampanj inf\u00f6r valet 2010\" width=\"680\" height=\"956\" \/><\/p>\n<p><img decoding=\"async\" class=\"alignnone\" src=\"http:\/\/img.skitch.com\/20100812-t97tkgkmpr13uuxw2jycmgeque.jpg\" alt=\"En moderat kampanj inf\u00f6r valr\u00f6relsen 2010\" width=\"680\" height=\"958\" \/><\/p>\n<p><img decoding=\"async\" class=\"alignnone\" src=\"http:\/\/img.skitch.com\/20100812-xi9hsc4w4a29khpupy81tndnp9.jpg\" alt=\"En moderat kampanj, valr\u00f6relsen september 2010\" width=\"680\" height=\"953\" \/><\/p>\n<p><img decoding=\"async\" class=\"alignnone\" src=\"http:\/\/img.skitch.com\/20100812-tk35r5kred5mmtcpdjp43qjadn.jpg\" alt=\"Moderaterna f\u00f6r sverige i tiden....\" width=\"680\" height=\"952\" \/><\/p>\n<p><a href=\"http:\/\/www.resume.se\/nyheter\/2010\/08\/12\/m-mer-omdiskuterat-an-s\/\" target=\"_blank\">F\u00f6rr i<\/a> <a href=\"http:\/\/www.resume.se\/nyheter\/2010\/08\/12\/s-valjare-lockas-med-s-ord\/\" target=\"_blank\">tiden<\/a> <a href=\"http:\/\/kampanj.moderat.se\/valkampanj-2010\/valaffischer-1-50x70-l\/\" target=\"_blank\">kunde<\/a> <a href=\"http:\/\/www.dn.se\/nyheter\/valet2010\/m-vill-bli-det-enda-arbetarpartiet-1.1152598\" target=\"_blank\">man<\/a> <a href=\"http:\/\/www.svd.se\/nyheter\/politik\/valet2010\/sahlin-mer-vagad-an-reinfeldt_5126633.svd\" target=\"_blank\">d\u00f6lja<\/a> <a href=\"http:\/\/www.svd.se\/nyheter\/politik\/valet2010\/m-siktar-in-sig-pa-s-valjare_5125309.svd\" target=\"_blank\">logotypen<\/a> <a href=\"http:\/\/www.gp.se\/nyheter\/sverige\/1.424238-m-det-enda-arbetarpartiet-\" target=\"_blank\">och<\/a> <a href=\"http:\/\/hd.se\/inrikes\/2010\/08\/12\/och-har-ar-moderaternas\/\" target=\"_blank\">direkt<\/a> <a href=\"http:\/\/hd.se\/inrikes\/2010\/08\/12\/m-det-enda-arbetarpartiet\/\" target=\"_blank\">s\u00e4ga<\/a> <a href=\"http:\/\/www.sydsvenskan.se\/val2010\/article1200908\/Ungdomsarbetslosheten-tema-i-S-kampanj.html\" target=\"_blank\">att<\/a> <a href=\"http:\/\/davidtinglov.blogspot.com\/2010\/08\/moderaterna-ar-det-enda-arbetarpartiet.html\" target=\"_blank\">budskapet<\/a> <a href=\"http:\/\/fredrich.vansterboras.se\/2010\/08\/sa-borjar-den-slitsamma-slutspurten\/\" target=\"_blank\">kom<\/a> <a href=\"http:\/\/lenerasch.wordpress.com\/2010\/08\/12\/jag-tanker-inte-rosta-pa-basta-valaffischen\/\" target=\"_blank\">ifr\u00e5n<\/a> <a href=\"http:\/\/www.radikalen.com\/00858\/sm-i-valkampanjen\" target=\"_blank\">ett<\/a> <a href=\"http:\/\/luffsman.blogspot.com\/2010\/08\/kampanjyra.html\" target=\"_blank\">visst<\/a> <a href=\"http:\/\/annarkia.se\/politik\/partier\/moderaterna-gor-parodi-pa-sin-egen-politik.htm\" target=\"_blank\">parti.<\/a> <a href=\"http:\/\/jonpetterg.blogspot.com\/2010\/08\/ar-ideologiernas-roll-pa-vag-bort.html\" target=\"_blank\">Moderaterna<\/a> <a href=\"http:\/\/johannesc.wordpress.com\/2010\/08\/12\/moderaternas-valaffisch\/\" target=\"_blank\">har i<\/a> <a href=\"http:\/\/stnkavtvivel.blogspot.com\/2010\/08\/valet-narmar-sig-moderaterna-med-vinden.html\" target=\"_blank\">\u00e5rets<\/a> <a href=\"http:\/\/motpol.blogspot.com\/2010\/08\/socialmoderaterna.html\" target=\"_blank\">valkampanj<\/a> <a href=\"http:\/\/valaffisch.se\/wordpress\/2010\/08\/12\/moderaternas-nya-valjarbas\/\" target=\"_blank\">visat<\/a> <a href=\"http:\/\/valaffisch.se\/wordpress\/2010\/08\/12\/moderaterna-och-jobben\/\" target=\"_blank\">sina<\/a> <a href=\"http:\/\/hbt-sossen.blogspot.com\/2010\/08\/att-sila-mygg-och-svalja-kameler.html\" target=\"_blank\">visuellt<\/a> <a href=\"http:\/\/kentpersson.wordpress.com\/2010\/08\/12\/vi-ska-soka-valjarnas-fortroende-med-odmjukhet\/\" target=\"_blank\">bleka<\/a> <a href=\"http:\/\/iakttagaren.blogspot.com\/2010\/08\/efter-svart-fall-av-hybris-ordineras.html\" target=\"_blank\">skapelser.<\/a> <a href=\"http:\/\/michaelgranstedt.blogspot.com\/2010\/08\/socialdemokraterna-vs-moderaterna.html\" target=\"_blank\">Kopierade meningar<\/a> <a href=\"http:\/\/johanlindell.wordpress.com\/2010\/08\/12\/bara-ett-arbetarparti-kan-fixa-jobben\/\" target=\"_blank\">ifr\u00e5n motst\u00e5ndarna.<\/a> Var finns nyt\u00e4nkandet? Var finns x-faktorn som g\u00f6r att folk l\u00e4ser vad det st\u00e5r? Vad skiljer dem ifr\u00e5n Socialdemokraterna?<\/p>\n<p>Fredrik med sin sv\u00e4rmors blick, g\u00e5r s\u00e4kert hem hos de redan fr\u00e4lsta, lockar det nya v\u00e4ljare? Tror inte det. Fram\u00e5t tillsammans, ja men vad \u00e4r x-faktorn h\u00e4r? Var \u00e4r budskapet att locka nya v\u00e4ljare? &#8220;Trygghet kr\u00e4ver mer \u00e4n fler poliser&#8221;, menar Moderaterna att liberalare vapenlagstiftning \u00e4r v\u00e4gen fram\u00e5t? Ja, det \u00e4r bara ett av budskapen som k\u00e4nns s\u00e5 mj\u00e4kigt. Det k\u00e4nns inte f\u00e4rdigt. Det k\u00e4nns som massor av kockar som skapat den smakl\u00f6sa soppan av gamla avdankade Socialdemokratiska budskap.<\/p>\n<p>Om de nu envisas med att vara lite tr\u00e5kiga, se d\u00e5 till att komplettera med ett bildspr\u00e5k. Det \u00e4r inte s\u00e5 sv\u00e5rt. Nu trist vit text p\u00e5 ljusbl\u00e5 botten. En urusel l\u00e4sbarhet f\u00f6r m\u00e5nga \u00e4ldre. Jag undrar om Stor\u00e5kers McCann \u00e4r stolta? F\u00f6r jag skulle aldrig varit n\u00f6jd med detta. Inte ens som pro bono skulle det vara ok. Lilla Kristdemokraterna har fortfarande den b\u00e4sta kampanjen. S\u00e5 Stor\u00e5kers McCann nu blev ni golvade av Ruth.<\/p>\n","protected":false},"excerpt":{"rendered":"<p>F\u00f6rr i tiden kunde man d\u00f6lja logotypen och direkt s\u00e4ga att budskapet kom ifr\u00e5n ett visst parti. Moderaterna har i \u00e5rets valkampanj visat sina visuellt bleka skapelser. Kopierade meningar ifr\u00e5n motst\u00e5ndarna. Var finns nyt\u00e4nkandet? Var finns x-faktorn som g\u00f6r att folk l\u00e4ser vad det st\u00e5r? Vad skiljer dem ifr\u00e5n Socialdemokraterna? Fredrik med sin sv\u00e4rmors blick, [&hellip;]<\/p>\n","protected":false},"author":1,"featured_media":0,"comment_status":"open","ping_status":"open","sticky":false,"template":"","format":"standard","meta":{"footnotes":""},"categories":[42,50],"tags":[205,185,184,206],"class_list":["post-204","post","type-post","status-publish","format-standard","hentry","category-kampanj","category-politik","tag-moderat","tag-moderaterna","tag-val-2010","tag-valrorelse"],"aioseo_notices":[],"_links":{"self":[{"href":"https:\/\/www.creativedirector.se\/blog\/wp-json\/wp\/v2\/posts\/204","targetHints":{"allow":["GET"]}}],"collection":[{"href":"https:\/\/www.creativedirector.se\/blog\/wp-json\/wp\/v2\/posts"}],"about":[{"href":"https:\/\/www.creativedirector.se\/blog\/wp-json\/wp\/v2\/types\/post"}],"author":[{"embeddable":true,"href":"https:\/\/www.creativedirector.se\/blog\/wp-json\/wp\/v2\/users\/1"}],"replies":[{"embeddable":true,"href":"https:\/\/www.creativedirector.se\/blog\/wp-json\/wp\/v2\/comments?post=204"}],"version-history":[{"count":3,"href":"https:\/\/www.creativedirector.se\/blog\/wp-json\/wp\/v2\/posts\/204\/revisions"}],"predecessor-version":[{"id":207,"href":"https:\/\/www.creativedirector.se\/blog\/wp-json\/wp\/v2\/posts\/204\/revisions\/207"}],"wp:attachment":[{"href":"https:\/\/www.creativedirector.se\/blog\/wp-json\/wp\/v2\/media?parent=204"}],"wp:term":[{"taxonomy":"category","embeddable":true,"href":"https:\/\/www.creativedirector.se\/blog\/wp-json\/wp\/v2\/categories?post=204"},{"taxonomy":"post_tag","embeddable":true,"href":"https:\/\/www.creativedirector.se\/blog\/wp-json\/wp\/v2\/tags?post=204"}],"curies":[{"name":"wp","href":"https:\/\/api.w.org\/{rel}","templated":true}]}}