{"id":199,"date":"2010-08-12T06:17:34","date_gmt":"2010-08-12T06:17:34","guid":{"rendered":"http:\/\/www.creativedirector.se\/blog\/?p=199"},"modified":"2010-08-12T06:17:34","modified_gmt":"2010-08-12T06:17:34","slug":"miljopartiet-modernisera-sverige-valet-2010","status":"publish","type":"post","link":"https:\/\/www.creativedirector.se\/blog\/2010\/08\/12\/miljopartiet-modernisera-sverige-valet-2010\/","title":{"rendered":"Milj\u00f6partiet &#8211; Modernisera Sverige, valet 2010"},"content":{"rendered":"<p><img decoding=\"async\" class=\"alignnone\" src=\"http:\/\/img.skitch.com\/20100812-th6b6bq9ke2ucia3g5f37bec9t.jpg\" alt=\"Mikj\u00f6partiet, modernisera sverige \" width=\"680\" height=\"971\" \/><\/p>\n<p><img decoding=\"async\" class=\"alignnone\" src=\"http:\/\/img.skitch.com\/20100812-fnw8d49k848bsnybpw9qqfsukd.jpg\" alt=\"Milj\u00f6partiet valet 2010, modernare sverige\" width=\"680\" height=\"971\" \/><\/p>\n<p><img decoding=\"async\" class=\"alignnone\" src=\"http:\/\/img.skitch.com\/20100812-qg63qbehei612t9prus6nw5q7.jpg\" alt=\"Modernisera sverige, milj\u00f6partiet 2010\" width=\"680\" height=\"971\" \/><\/p>\n<p><img decoding=\"async\" class=\"alignnone\" src=\"http:\/\/img.skitch.com\/20100812-m7rjkpsedgf393hi2edet498ne.jpg\" alt=\"Milj\u00f6partiet, Modernisera Sverige i valet 2010\" width=\"680\" height=\"971\" \/><\/p>\n<p>Milj\u00f6partiets sl\u00e4pp av sin kampanj, det bommade jag totalt. F\u00e5r skylla p\u00e5 att media inte riktigt lyfte det s\u00e5 jag s\u00e5g det och att jag inte aktivt letade p\u00e5 MPs hemsida.<\/p>\n<p>N\u00e5ja, Milj\u00f6partiet jobbar med ett budskap som \u00e4r Modernisera Sverige. Jag vet inte riktigt om jag tycker det k\u00e4nns s\u00e5 mycket Milj\u00f6partiet, men visuellt s\u00e5 \u00e4r det aningen sp\u00e4nnande att se allt de f\u00e5tt in alla budskap under samma slogan. Vissa \u00e4r b\u00e4ttre \u00e4n de andra, men det n\u00e5r inte en wow k\u00e4nsla och ja det \u00e4r sv\u00e5rt att bli s\u00e5 bra som Kristdemokraterna lyckades med.<\/p>\n<p>Missen med kravm\u00e4rket var ju lite v\u00e4l pinsamt i mina \u00f6gon. Jag har bara sett sm\u00e5 bilder p\u00e5 den, men \u00e4r det ingen som har koll p\u00e5 varum\u00e4rken och vad man f\u00e5r lov och inte lov att g\u00f6ra? Har inte lyckats bli klok p\u00e5 vilken byr\u00e5 som ligger bakom. Typografiskt, helt ok, men den lilla texten tror jag f\u00e5 kommer l\u00e4sa. Det som sl\u00e5r mig \u00e4r att MPs logotype inte sett s\u00e5 bra ut som nu. Den \u00e4r enormt tydlig.<\/p>\n<p>Vad f\u00e5r Milj\u00f6partiet i betyg? Ja, 7 av 10 tycker jag det \u00e4r v\u00e4rt. Mycket f\u00f6r att f\u00e5 in samma budskap i alla de olika \u00e4mnena.<\/p>\n<p>Ni kan l\u00e4sa vad jag tyckte om <a href=\"http:\/\/www.creativedirector.se\/blog\/alliansen-detta-ar-inte-godkant-garbergs-gor-om-och-gor-ratt\/\" target=\"_blank\">Alliansen h\u00e4r<\/a> och om <a href=\"http:\/\/www.creativedirector.se\/blog\/fulltraff-for-kd-in-i-djurens-varld-en-snackis-genom-hela-valrorelsen\/\">Kristdemokraterna h\u00e4r<\/a>.<\/p>\n<p>Listan ser ut s\u00e5 h\u00e4r:<\/p>\n<p>Kristdemokraterna 10 av 10.<br \/>\nAlliansen 2 av 10<br \/>\nMilj\u00f6partiet 7 av 10<\/p>\n","protected":false},"excerpt":{"rendered":"<p>Milj\u00f6partiets sl\u00e4pp av sin kampanj, det bommade jag totalt. F\u00e5r skylla p\u00e5 att media inte riktigt lyfte det s\u00e5 jag s\u00e5g det och att jag inte aktivt letade p\u00e5 MPs hemsida. N\u00e5ja, Milj\u00f6partiet jobbar med ett budskap som \u00e4r Modernisera Sverige. Jag vet inte riktigt om jag tycker det k\u00e4nns s\u00e5 mycket Milj\u00f6partiet, men visuellt [&hellip;]<\/p>\n","protected":false},"author":1,"featured_media":0,"comment_status":"open","ping_status":"open","sticky":false,"template":"","format":"standard","meta":{"footnotes":""},"categories":[50],"tags":[1750,204,184],"class_list":["post-199","post","type-post","status-publish","format-standard","hentry","category-politik","tag-kampanj","tag-miljopartiet","tag-val-2010"],"aioseo_notices":[],"_links":{"self":[{"href":"https:\/\/www.creativedirector.se\/blog\/wp-json\/wp\/v2\/posts\/199","targetHints":{"allow":["GET"]}}],"collection":[{"href":"https:\/\/www.creativedirector.se\/blog\/wp-json\/wp\/v2\/posts"}],"about":[{"href":"https:\/\/www.creativedirector.se\/blog\/wp-json\/wp\/v2\/types\/post"}],"author":[{"embeddable":true,"href":"https:\/\/www.creativedirector.se\/blog\/wp-json\/wp\/v2\/users\/1"}],"replies":[{"embeddable":true,"href":"https:\/\/www.creativedirector.se\/blog\/wp-json\/wp\/v2\/comments?post=199"}],"version-history":[{"count":3,"href":"https:\/\/www.creativedirector.se\/blog\/wp-json\/wp\/v2\/posts\/199\/revisions"}],"predecessor-version":[{"id":202,"href":"https:\/\/www.creativedirector.se\/blog\/wp-json\/wp\/v2\/posts\/199\/revisions\/202"}],"wp:attachment":[{"href":"https:\/\/www.creativedirector.se\/blog\/wp-json\/wp\/v2\/media?parent=199"}],"wp:term":[{"taxonomy":"category","embeddable":true,"href":"https:\/\/www.creativedirector.se\/blog\/wp-json\/wp\/v2\/categories?post=199"},{"taxonomy":"post_tag","embeddable":true,"href":"https:\/\/www.creativedirector.se\/blog\/wp-json\/wp\/v2\/tags?post=199"}],"curies":[{"name":"wp","href":"https:\/\/api.w.org\/{rel}","templated":true}]}}