{"id":158,"date":"2010-08-16T07:38:35","date_gmt":"2010-08-16T07:38:35","guid":{"rendered":"http:\/\/www.creativedirector.se\/blog\/?p=158"},"modified":"2010-08-16T16:36:05","modified_gmt":"2010-08-16T16:36:05","slug":"people-for-bikes-folkrorelsen-i-usa-som-vill-fa-fler-att-cykla","status":"publish","type":"post","link":"https:\/\/www.creativedirector.se\/blog\/2010\/08\/16\/people-for-bikes-folkrorelsen-i-usa-som-vill-fa-fler-att-cykla\/","title":{"rendered":"People for bikes &#8211; Folkr\u00f6relsen i USA som vill f\u00e5 fler att cykla"},"content":{"rendered":"<p><object classid=\"clsid:d27cdb6e-ae6d-11cf-96b8-444553540000\" width=\"679\" height=\"407\" codebase=\"http:\/\/download.macromedia.com\/pub\/shockwave\/cabs\/flash\/swflash.cab#version=6,0,40,0\"><param name=\"allowFullScreen\" value=\"true\" \/><param name=\"allowscriptaccess\" value=\"always\" \/><param name=\"src\" value=\"http:\/\/www.youtube.com\/v\/jEhpUov-adU&amp;hl=sv_SE&amp;fs=1\" \/><param name=\"allowfullscreen\" value=\"true\" \/><embed type=\"application\/x-shockwave-flash\" width=\"679\" height=\"407\" src=\"http:\/\/www.youtube.com\/v\/jEhpUov-adU&amp;hl=sv_SE&amp;fs=1\" allowscriptaccess=\"always\" allowfullscreen=\"true\"><\/embed><\/object><\/p>\n<p>Jag blir riktigt glad n\u00e4r jag ser detta. Fler som cyklar och l\u00e5ter bilen st\u00e5, m\u00e5r b\u00e4ttre och ger en b\u00e4ttre framtid. Hoppa nu in och l\u00e4s mer om <a href=\"http:\/\/www.peopleforbikes.org\/\" target=\"_blank\">People for Bikes<\/a>, det \u00e4r en fantastisk folkr\u00f6relse!<\/p>\n","protected":false},"excerpt":{"rendered":"<p>Jag blir riktigt glad n\u00e4r jag ser detta. Fler som cyklar och l\u00e5ter bilen st\u00e5, m\u00e5r b\u00e4ttre och ger en b\u00e4ttre framtid. Hoppa nu in och l\u00e4s mer om People for Bikes, det \u00e4r en fantastisk folkr\u00f6relse!<\/p>\n","protected":false},"author":1,"featured_media":0,"comment_status":"open","ping_status":"open","sticky":false,"template":"","format":"standard","meta":{"footnotes":""},"categories":[42],"tags":[163,162,164,165],"class_list":["post-158","post","type-post","status-publish","format-standard","hentry","category-kampanj","tag-cykel","tag-folkrorelse","tag-framtid","tag-miljon"],"aioseo_notices":[],"_links":{"self":[{"href":"https:\/\/www.creativedirector.se\/blog\/wp-json\/wp\/v2\/posts\/158","targetHints":{"allow":["GET"]}}],"collection":[{"href":"https:\/\/www.creativedirector.se\/blog\/wp-json\/wp\/v2\/posts"}],"about":[{"href":"https:\/\/www.creativedirector.se\/blog\/wp-json\/wp\/v2\/types\/post"}],"author":[{"embeddable":true,"href":"https:\/\/www.creativedirector.se\/blog\/wp-json\/wp\/v2\/users\/1"}],"replies":[{"embeddable":true,"href":"https:\/\/www.creativedirector.se\/blog\/wp-json\/wp\/v2\/comments?post=158"}],"version-history":[{"count":2,"href":"https:\/\/www.creativedirector.se\/blog\/wp-json\/wp\/v2\/posts\/158\/revisions"}],"predecessor-version":[{"id":243,"href":"https:\/\/www.creativedirector.se\/blog\/wp-json\/wp\/v2\/posts\/158\/revisions\/243"}],"wp:attachment":[{"href":"https:\/\/www.creativedirector.se\/blog\/wp-json\/wp\/v2\/media?parent=158"}],"wp:term":[{"taxonomy":"category","embeddable":true,"href":"https:\/\/www.creativedirector.se\/blog\/wp-json\/wp\/v2\/categories?post=158"},{"taxonomy":"post_tag","embeddable":true,"href":"https:\/\/www.creativedirector.se\/blog\/wp-json\/wp\/v2\/tags?post=158"}],"curies":[{"name":"wp","href":"https:\/\/api.w.org\/{rel}","templated":true}]}}