{"id":1436,"date":"2011-11-15T11:57:56","date_gmt":"2011-11-15T09:57:56","guid":{"rendered":"http:\/\/www.creativedirector.se\/blog\/?p=1436"},"modified":"2011-11-10T17:07:52","modified_gmt":"2011-11-10T15:07:52","slug":"carl-jan-gor-reklam-for-adobe-vad-hande-nu-da","status":"publish","type":"post","link":"https:\/\/www.creativedirector.se\/blog\/2011\/11\/15\/carl-jan-gor-reklam-for-adobe-vad-hande-nu-da\/","title":{"rendered":"Carl Jan g\u00f6r reklam f\u00f6r Adobe, vad h\u00e4nde nu d\u00e5?"},"content":{"rendered":"<p><iframe width=\"680\" height=\"410\" src=\"http:\/\/www.youtube.com\/embed\/m7d6nNfRPmQ\" frameborder=\"0\" allowfullscreen><\/iframe><br \/>\nAdobe anlitar Carl Jan f\u00f6r att g\u00f6ra reklamfilm. Ganska fyndigt, f\u00f6r jag gillar Carl Jan, men jag saknar \u00e4rligheten. Den d\u00e4r kring vad det \u00e4r f\u00f6r produkt vi talar om. Vi talar om Adobe Creative Suite. Ett programpaket som n\u00e4stan aldrig f\u00e5r n\u00e5gra nya sp\u00e4nnande funktioner och verkligen inte \u00e4r v\u00e4rd sitt pris. En g\u00e5ng i tiden var Adobe ett innovativt f\u00f6retag. Nu st\u00e5r de och trampar runt i samma f\u00f6rvirring som sedan de k\u00f6pte Macromedia. <\/p>\n<p>Carl Jan \u00e4r bra, men seri\u00f6st, jag gillar inte Adobe mer efter detta. <\/p>\n","protected":false},"excerpt":{"rendered":"<p>Adobe anlitar Carl Jan f\u00f6r att g\u00f6ra reklamfilm. Ganska fyndigt, f\u00f6r jag gillar Carl Jan, men jag saknar \u00e4rligheten. Den d\u00e4r kring vad det \u00e4r f\u00f6r produkt vi talar om. Vi talar om Adobe Creative Suite. Ett programpaket som n\u00e4stan aldrig f\u00e5r n\u00e5gra nya sp\u00e4nnande funktioner och verkligen inte \u00e4r v\u00e4rd sitt pris. En g\u00e5ng [&hellip;]<\/p>\n","protected":false},"author":1,"featured_media":0,"comment_status":"open","ping_status":"open","sticky":false,"template":"","format":"standard","meta":{"footnotes":""},"categories":[5],"tags":[1432,210,1572,805,1574,1573,1577,1575,1576],"class_list":["post-1436","post","type-post","status-publish","format-standard","hentry","category-reklamfilm","tag-adobe","tag-apple","tag-carl","tag-carl-jan","tag-creative-suite","tag-jan","tag-macromedia","tag-mjukvara","tag-program"],"aioseo_notices":[],"_links":{"self":[{"href":"https:\/\/www.creativedirector.se\/blog\/wp-json\/wp\/v2\/posts\/1436","targetHints":{"allow":["GET"]}}],"collection":[{"href":"https:\/\/www.creativedirector.se\/blog\/wp-json\/wp\/v2\/posts"}],"about":[{"href":"https:\/\/www.creativedirector.se\/blog\/wp-json\/wp\/v2\/types\/post"}],"author":[{"embeddable":true,"href":"https:\/\/www.creativedirector.se\/blog\/wp-json\/wp\/v2\/users\/1"}],"replies":[{"embeddable":true,"href":"https:\/\/www.creativedirector.se\/blog\/wp-json\/wp\/v2\/comments?post=1436"}],"version-history":[{"count":2,"href":"https:\/\/www.creativedirector.se\/blog\/wp-json\/wp\/v2\/posts\/1436\/revisions"}],"predecessor-version":[{"id":1438,"href":"https:\/\/www.creativedirector.se\/blog\/wp-json\/wp\/v2\/posts\/1436\/revisions\/1438"}],"wp:attachment":[{"href":"https:\/\/www.creativedirector.se\/blog\/wp-json\/wp\/v2\/media?parent=1436"}],"wp:term":[{"taxonomy":"category","embeddable":true,"href":"https:\/\/www.creativedirector.se\/blog\/wp-json\/wp\/v2\/categories?post=1436"},{"taxonomy":"post_tag","embeddable":true,"href":"https:\/\/www.creativedirector.se\/blog\/wp-json\/wp\/v2\/tags?post=1436"}],"curies":[{"name":"wp","href":"https:\/\/api.w.org\/{rel}","templated":true}]}}