{"id":1317,"date":"2011-09-08T19:28:50","date_gmt":"2011-09-08T17:28:50","guid":{"rendered":"http:\/\/www.creativedirector.se\/blog\/?p=1317"},"modified":"2011-09-08T19:28:50","modified_gmt":"2011-09-08T17:28:50","slug":"ola-lindholm-mysteriet-med-kokainet","status":"publish","type":"post","link":"https:\/\/www.creativedirector.se\/blog\/2011\/09\/08\/ola-lindholm-mysteriet-med-kokainet\/","title":{"rendered":"Ola Lindholm, mysteriet med kokainet"},"content":{"rendered":"<p>Ola Lindholm har varit i media. En del av oss hoppades p\u00e5 svar och f\u00f6rklaringar. Fast Ola Lindholms framtr\u00e4dande skapade bara fler fr\u00e5getecken. Det k\u00e4nns som en mycket underlig taktik. S\u00e4ga A men inte s\u00e4ga B. Det \u00e4r nog bara Kungen som \u00e4r s\u00e4mre p\u00e5 att krishantera.<\/p>\n<p><a href=\"http:\/\/www.stefanbergmark.se\/?p=2556\" target=\"_blank\">En del talar om att det \u00e4r ett f\u00f6r ringa brott<\/a>. Fast vi talar om en barnprogramledare, som p\u00e5verkar m\u00e5nga unga. D\u00e5 blir det en dimension som blir p\u00e5taglig. Hade han g\u00e5tt ut och sagt han hade ett beroende, d\u00e5 hade det med varit en sak. D\u00e5 hade han blivit f\u00f6rl\u00e5ten.<\/p>\n<p><a href=\"http:\/\/ironisten.bloggplatsen.se\/2011\/09\/08\/6194778-ola-lindholm-andras-fel\/ \" target=\"_blank\">Att Ola Lindholms namn dragits i smutsen, har han ju sj\u00e4lv varit med och spett p\u00e5<\/a>. Har han inga v\u00e4nner som han hade kunnat krishantera med?\u00a0Det \u00e4r ofta b\u00e4ttre <a href=\"http:\/\/ulfbjereld.blogspot.com\/2011\/09\/ola-lindholm-och-var-tids-offentlighet.html\" target=\"_blank\">att h\u00e5lla tyst<\/a>.\u00a0<a href=\"http:\/\/ramona-fransson.blogspot.com\/2011\/09\/ola-lindholm-och-alla-som-provar-kokain.html \" target=\"_blank\">Utbildning kanske \u00e4r det som saknas <\/a>i \u00e4mnet. Kanske fler hade reagerat d\u00e5 p\u00e5 ett annat vis?<\/p>\n<p>Jag tror Ola Lindholm \u00e4r i en chock, d\u00e4r han inte v\u00e5gar lita p\u00e5 n\u00e5gra v\u00e4nner, utan agerar i affekt. Det hela \u00f6kar och <a href=\"http:\/\/granitpr.se\/?p=355\" target=\"_blank\">kriskommunikationen blir lika med noll<\/a>.<\/p>\n<p>En spekulerar i <a href=\"http:\/\/honkiie.se\/?p=1940 \" target=\"_blank\">vem det var, kanske mat Tina<\/a>? Tur det finns lite humor med i det hela. \u00a0Kanske var det s\u00e5 att Ola borde komma ut som <a href=\"http:\/\/skavidra.blogspot.com\/2011\/09\/knarkhuliganen-och-jag.html\" target=\"_blank\">knarkhuligan<\/a>, han h\u00e5ller ju p\u00e5 Mj\u00e4llby.<\/p>\n<p>Det d\u00e4r med att skydda sitt privatliv, s\u00e5 \u00e4r det en del som talar om att han <a href=\"http:\/\/elinitis.wordpress.com\/2011\/09\/07\/ola-lindholm-i-hubinette\/\" target=\"_blank\">ville ju g\u00e5 p\u00e5 cirkus.<\/a>Fast var det inte just det han fick uppleva. En cirkus.\u00a0En del tycker<a href=\"http:\/\/www.second-opinion.se\/so\/view\/2079\" target=\"_blank\"> problemet \u00e4r polisens<\/a>.\u00a0Vilket jag inte f\u00f6rst\u00e5r. Det smartaste borde v\u00e4l att <a href=\"http:\/\/truthandfiction.wordpress.com\/2011\/09\/07\/damned-if-you-do-damned-if-you-dont\/\" target=\"_blank\">tala sanning<\/a>?\u00a0En del tycker Ola har gjort r\u00e4tt. Vilket jag inte kan f\u00f6rst\u00e5. F\u00f6r <a href=\"http:\/\/anybodys-place.blogspot.com\/2011\/09\/jag-misstanker-ofta.html \" target=\"_blank\">nu \u00e4r ju fr\u00e5gorna allt fler<\/a> och f\u00f6rtroendet \u00e4nnu l\u00e4gre.<\/p>\n<p>N\u00e5gon <a href=\"http:\/\/princessjinx.blogg.se\/2011\/september\/kanske-nagon-blogglasare-kan-stilla-min-nyfik.html\" target=\"_blank\">oroar sig hur man omedvetet f\u00e5r i sig kokain<\/a>. \u00a0Den fr\u00e5gan st\u00e4ller jag mig med. \u00a0Att <a href=\"http:\/\/www.dagensmedia.se\/nyheter\/print\/tidskrifter\/article3252309.ece\" target=\"_blank\">media inte har r\u00e4tt att veta allt<\/a>, det k\u00f6per jag, men hur n\u00e5gon f\u00e5r i sig kokain obem\u00e4rkt \u00e4r f\u00f6r mig \u00e5rets mysterium.\u00a0F\u00f6r <a href=\"http:\/\/sunnliden.se\/?p=2124\" target=\"_blank\">privatlivet \u00e4r inte samma sak att f\u00f6rklara hur han fick i sig kokain<\/a>.<\/p>\n<p>N\u00e5got som Ola dock har gjort, \u00e4r att ha <a href=\"http:\/\/www.paulronge.se\/ola-lindholms-tappade-trovardighet\" target=\"_blank\">tappat all trov\u00e4rdighet<\/a>. Det finns ingen kvar. Det \u00e4r tomt. Ola kan f\u00e5 sitta och v\u00e4nta m\u00e5nga \u00e5r innan telefonerna ringer. Just f\u00f6r att inte ber\u00e4tta allt han vet.\u00a0En del tror att e<a href=\"http:\/\/rykteshantering.nu\/2011\/09\/ola-lindholm-ger-prov-pa-stor-integritet-och-hansyn-situationen-kan-vandas-till-nagot-positivt\/\" target=\"_blank\">n hemsida med hans namn<\/a>skulle r\u00e4dda hela kalaset.\u00a0L\u00e5t mig s\u00e4ga direkt att det tror jag inte p\u00e5. <a href=\"http:\/\/nilsholmlov.wordpress.com\/2011\/09\/07\/den-totala-franvaron-av-krishantering\/ \" target=\"_blank\">Tystnad skapar bara fler fr\u00e5getecken<\/a>.\u00a0Vi kan se att <a href=\"http:\/\/emanuelkarlsten.se\/09\/3-korta-konstigheter-om-ola-lindholms-medverkan-i-hubinette\/\" target=\"_blank\">Ola inte var s\u00e5 exklusiv<\/a>, nu kommer han ut i SRs medierna med. Jag s\u00e4ger d\u00e5 det.<\/p>\n<p>Jag tror <a href=\"http:\/\/www.signeratkjellberg.se\/2011\/09\/vad-\u00e4r-det-ola-lindholm-inte-vill-s\u00e4ga-i-r\u00e4tten.html \" target=\"_blank\">ryktena kommer florera<\/a> i en massa delar. Nu och en bra tid fram\u00e5t.<\/p>\n<p>Jag f\u00e5r bara vibbar av <strong><a href=\"http:\/\/deepedition.com\/2011\/09\/07\/att-se-en-olycka-ske-pa-basta-sandningstid\/\" target=\"_blank\">Don Quijote och v\u00e4derkvarnar<\/a>. On\u00f6digt \u00e4r det i s\u00e5 m\u00e5nga dimensioner. Soppan har m\u00e5nga kockar och det blir bara v\u00e4rre f\u00f6r Ola. Tr\u00e5kigt med tanke p\u00e5 att jag tyckt han varit sk\u00e4rpt.\u00a0<\/strong><\/p>\n<p>&nbsp;<\/p>\n","protected":false},"excerpt":{"rendered":"<p>Ola Lindholm har varit i media. En del av oss hoppades p\u00e5 svar och f\u00f6rklaringar. Fast Ola Lindholms framtr\u00e4dande skapade bara fler fr\u00e5getecken. Det k\u00e4nns som en mycket underlig taktik. S\u00e4ga A men inte s\u00e4ga B. Det \u00e4r nog bara Kungen som \u00e4r s\u00e4mre p\u00e5 att krishantera. En del talar om att det \u00e4r ett [&hellip;]<\/p>\n","protected":false},"author":1,"featured_media":0,"comment_status":"open","ping_status":"open","sticky":false,"template":"","format":"standard","meta":{"footnotes":""},"categories":[115],"tags":[1454,309,1455,1453,141,1452,421],"class_list":["post-1317","post","type-post","status-publish","format-standard","hentry","category-media","tag-brott","tag-droger","tag-knark","tag-kokain","tag-nyheter-2","tag-ola-lindholm","tag-utbildning"],"aioseo_notices":[],"_links":{"self":[{"href":"https:\/\/www.creativedirector.se\/blog\/wp-json\/wp\/v2\/posts\/1317","targetHints":{"allow":["GET"]}}],"collection":[{"href":"https:\/\/www.creativedirector.se\/blog\/wp-json\/wp\/v2\/posts"}],"about":[{"href":"https:\/\/www.creativedirector.se\/blog\/wp-json\/wp\/v2\/types\/post"}],"author":[{"embeddable":true,"href":"https:\/\/www.creativedirector.se\/blog\/wp-json\/wp\/v2\/users\/1"}],"replies":[{"embeddable":true,"href":"https:\/\/www.creativedirector.se\/blog\/wp-json\/wp\/v2\/comments?post=1317"}],"version-history":[{"count":2,"href":"https:\/\/www.creativedirector.se\/blog\/wp-json\/wp\/v2\/posts\/1317\/revisions"}],"predecessor-version":[{"id":1319,"href":"https:\/\/www.creativedirector.se\/blog\/wp-json\/wp\/v2\/posts\/1317\/revisions\/1319"}],"wp:attachment":[{"href":"https:\/\/www.creativedirector.se\/blog\/wp-json\/wp\/v2\/media?parent=1317"}],"wp:term":[{"taxonomy":"category","embeddable":true,"href":"https:\/\/www.creativedirector.se\/blog\/wp-json\/wp\/v2\/categories?post=1317"},{"taxonomy":"post_tag","embeddable":true,"href":"https:\/\/www.creativedirector.se\/blog\/wp-json\/wp\/v2\/tags?post=1317"}],"curies":[{"name":"wp","href":"https:\/\/api.w.org\/{rel}","templated":true}]}}