{"id":1262,"date":"2011-08-10T14:45:45","date_gmt":"2011-08-10T12:45:45","guid":{"rendered":"http:\/\/www.creativedirector.se\/blog\/?p=1262"},"modified":"2011-07-31T11:51:20","modified_gmt":"2011-07-31T09:51:20","slug":"whole-foods-market-oppnar-ny-butik","status":"publish","type":"post","link":"https:\/\/www.creativedirector.se\/blog\/2011\/08\/10\/whole-foods-market-oppnar-ny-butik\/","title":{"rendered":"Whole Foods Market \u00f6ppnar ny butik"},"content":{"rendered":"<p><iframe width=\"680\" height=\"417\" src=\"http:\/\/www.youtube.com\/embed\/SFMextl_uyc\" frameborder=\"0\" allowfullscreen><\/iframe><br \/>\nDet finns f\u00e5 f\u00f6retag som jag avgudar s\u00e5 mycket som Whole Foods Market. Whole Foods Market t\u00e4nker verkligen p\u00e5 allt. De \u00e4r fram\u00e5t och redo f\u00f6r nyt\u00e4nkande hela tiden. Nu v\u00e4ntar jag bara p\u00e5 att Whole Foods Market \u00f6ppnar i Sverige. Jag tror fr\u00e5gan \u00e4r inte om utan n\u00e4r. T\u00e4nk en Whole Foods Market i varje st\u00f6rre stad. \u00c4ntligen skulle ICA, COOP, Hemk\u00f6p &#038; City gross f\u00e5 en konkurrent. Whole Foods Market \u00e4r f\u00f6r mig den nya tidens butiker. De som t\u00e4nker ekologiskt och p\u00e5 en framtida v\u00e4rld som \u00e4r sundare. <\/p>\n","protected":false},"excerpt":{"rendered":"<p>Det finns f\u00e5 f\u00f6retag som jag avgudar s\u00e5 mycket som Whole Foods Market. Whole Foods Market t\u00e4nker verkligen p\u00e5 allt. De \u00e4r fram\u00e5t och redo f\u00f6r nyt\u00e4nkande hela tiden. Nu v\u00e4ntar jag bara p\u00e5 att Whole Foods Market \u00f6ppnar i Sverige. Jag tror fr\u00e5gan \u00e4r inte om utan n\u00e4r. T\u00e4nk en Whole Foods Market i [&hellip;]<\/p>\n","protected":false},"author":1,"featured_media":0,"comment_status":"open","ping_status":"open","sticky":false,"template":"","format":"standard","meta":{"footnotes":""},"categories":[33,104,616,110],"tags":[1758,973,803,1401,1402,1400,360,1054],"class_list":["post-1262","post","type-post","status-publish","format-standard","hentry","category-arkitektur","category-ekologi","category-socialtansvar","category-varumarke","tag-ekologi","tag-ekologiskt","tag-halsa","tag-halsosamt","tag-kravmarkt","tag-nyttigt","tag-socialtengagemang","tag-whole-foods-market"],"aioseo_notices":[],"_links":{"self":[{"href":"https:\/\/www.creativedirector.se\/blog\/wp-json\/wp\/v2\/posts\/1262","targetHints":{"allow":["GET"]}}],"collection":[{"href":"https:\/\/www.creativedirector.se\/blog\/wp-json\/wp\/v2\/posts"}],"about":[{"href":"https:\/\/www.creativedirector.se\/blog\/wp-json\/wp\/v2\/types\/post"}],"author":[{"embeddable":true,"href":"https:\/\/www.creativedirector.se\/blog\/wp-json\/wp\/v2\/users\/1"}],"replies":[{"embeddable":true,"href":"https:\/\/www.creativedirector.se\/blog\/wp-json\/wp\/v2\/comments?post=1262"}],"version-history":[{"count":1,"href":"https:\/\/www.creativedirector.se\/blog\/wp-json\/wp\/v2\/posts\/1262\/revisions"}],"predecessor-version":[{"id":1263,"href":"https:\/\/www.creativedirector.se\/blog\/wp-json\/wp\/v2\/posts\/1262\/revisions\/1263"}],"wp:attachment":[{"href":"https:\/\/www.creativedirector.se\/blog\/wp-json\/wp\/v2\/media?parent=1262"}],"wp:term":[{"taxonomy":"category","embeddable":true,"href":"https:\/\/www.creativedirector.se\/blog\/wp-json\/wp\/v2\/categories?post=1262"},{"taxonomy":"post_tag","embeddable":true,"href":"https:\/\/www.creativedirector.se\/blog\/wp-json\/wp\/v2\/tags?post=1262"}],"curies":[{"name":"wp","href":"https:\/\/api.w.org\/{rel}","templated":true}]}}