{"id":1122,"date":"2011-03-11T02:46:56","date_gmt":"2011-03-11T00:46:56","guid":{"rendered":"http:\/\/www.creativedirector.se\/blog\/?p=1122"},"modified":"2011-03-11T02:47:59","modified_gmt":"2011-03-11T00:47:59","slug":"hakan-juholt-socialdemokraternas-nasta-partiledare-aka-reklammannen","status":"publish","type":"post","link":"https:\/\/www.creativedirector.se\/blog\/2011\/03\/11\/hakan-juholt-socialdemokraternas-nasta-partiledare-aka-reklammannen\/","title":{"rendered":"H\u00e5kan Juholt Socialdemokraternas n\u00e4sta partiledare, aka reklammannen"},"content":{"rendered":"<p><iframe title=\"YouTube video player\" width=\"680\" height=\"540\" src=\"http:\/\/www.youtube.com\/embed\/E_Tve0Tu4kM\" frameborder=\"0\" allowfullscreen><\/iframe><br \/>\n<iframe title=\"YouTube video player\" width=\"680\" height=\"540\" src=\"http:\/\/www.youtube.com\/embed\/Nvs6DIRJpeo\" frameborder=\"0\" allowfullscreen><\/iframe><br \/>\n<a href=\"http:\/\/www.aftonbladet.se\/nyheter\/article8690498.ab \" target=\"_blank\">H\u00e5kan<\/a> <a href=\"http:\/\/www.aftonbladet.se\/nyheter\/article8692491.ab\" target=\"_blank\">Juholt<\/a> <a href=\"http:\/\/www.aftonbladet.se\/debatt\/article8693265.ab\" target=\"_blank\">var<\/a> <a href=\"http:\/\/www.aftonbladet.se\/nyheter\/article8691933.ab\" target=\"_blank\">kanske<\/a> <a href=\"http:\/\/www.aftonbladet.se\/nyheter\/article8692034.ab\" target=\"_blank\">inte<\/a> <a href=\"http:\/\/www.aftonbladet.se\/debatt\/debattamnen\/samhalle\/article8599398.ab\" target=\"_blank\">den<\/a> <a href=\"http:\/\/blogg.aftonbladet.se\/schulman\/2011\/03\/betyg-pa-hakan-juholt\" target=\"_blank\">jag<\/a> <a href=\"http:\/\/www.aftonbladet.se\/ledare\/article8695488.ab\" target=\"_blank\">trodde<\/a> <a href=\"http:\/\/www.aftonbladet.se\/ledare\/ledarkronika\/karinpettersson\/article8695502.ab\" target=\"_blank\">skulle<\/a> <a href=\"http:\/\/www.aftonbladet.se\/debatt\/kronikorer\/proffstyckarna\/article8692790.ab\" target=\"_blank\">bli<\/a> <a href=\"http:\/\/www.aftonbladet.se\/debatt\/kronikorer\/proffstyckarna\/article8692909.ab\" target=\"_blank\">Socialdemokraternas<\/a><a href=\"http:\/\/www.expressen.se\/nyheter\/1.2361427\/mona-sahlin-det-ar-en-bra-kille\" target=\"_blank\"> partiledare.<\/a> <a href=\"http:\/\/www.expressen.se\/nyheter\/1.2361515\/sa-togs-han-emot-av-svenska-folket\" target=\"_blank\">Spelbolagen<\/a> <a href=\"http:\/\/www.gp.se\/nyheter\/sverige\/1.569813-reinfeldt-inte-imponerad\" target=\"_blank\">tycks<\/a> <a href=\"http:\/\/www.gp.se\/nyheter\/sverige\/1.569995-socialdemokraterna-sluter-leden-kring-forslaget\" target=\"_blank\">med<\/a> <a href=\"http:\/\/www.gp.se\/nyheter\/sverige\/1.569676--finns-ett-starkt-stod-\" target=\"_blank\">ha<\/a> <a href=\"http:\/\/www.gp.se\/nyheter\/sverige\/inrikespolitik\/1.569644-fem-svar-om-hakan-juholt\" target=\"_blank\">missat<\/a> <a href=\"http:\/\/www.gp.se\/nyheter\/sverige\/1.569966-forsta-mustaschen-i-ledningen\" target=\"_blank\">denna<\/a> <a href=\"http:\/\/www.gp.se\/nyheter\/ledare\/1.569930-till-sist-aterstod-juholt\" target=\"_blank\">doldis<\/a> och 10 g\u00e5nger pengarna l\u00e4r vissa ha kammat in p\u00e5 det. Det finns fortfarande en chans att kongressen inte v\u00e4ljer honom, men den risken f\u00e5r v\u00e4l ses som l\u00e5g? Ingen vill v\u00e4l ha rosornas krig f\u00f6r \u00f6ppen rid\u00e5?<\/p>\n<p>Vad har vi att v\u00e4nta av H\u00e5kan Juholt? Jo, han har humor i klass med G\u00f6ran H\u00f6gglund. Han \u00e4r lite n\u00e4tt \u00e5t v\u00e4nster ifr\u00e5n mitten, om vi f\u00e5r tro experterna. Ingen f\u00f6rnyare, mer en traditionalist. Jag kopplar ihop honom med Gunnar Str\u00e4ng. Jag vet inte varf\u00f6r riktigt. Fast jag ser humorn och folkligheten. Se bara p\u00e5 de tv\u00e5 videoklippen!<\/p>\n<p>Vad som slog mig kring H\u00e5kan Juholt \u00e4r att han var yngre \u00e4n vad jag trott. Hans dialekt \u00e4r ganska sk\u00f6n att lyssna p\u00e5, det var inte Monas. Om Socialdemokraterna l\u00e4gger krut p\u00e5 att f\u00f6ra fram honom som person, och mindre politik, tror jag de kan komma l\u00e5ngt. Han k\u00e4nns s\u00e5 h\u00e4r l\u00e5ngt \u00e4rlig, rolig och lite charmig. Vi f\u00e5r v\u00e4l se hur l\u00e5ngt det g\u00e5r. Skulle vara kul att se hur debattklimatet blir i riksdagen.<\/p>\n","protected":false},"excerpt":{"rendered":"<p>H\u00e5kan Juholt var kanske inte den jag trodde skulle bli Socialdemokraternas partiledare. Spelbolagen tycks med ha missat denna doldis och 10 g\u00e5nger pengarna l\u00e4r vissa ha kammat in p\u00e5 det. Det finns fortfarande en chans att kongressen inte v\u00e4ljer honom, men den risken f\u00e5r v\u00e4l ses som l\u00e5g? Ingen vill v\u00e4l ha rosornas krig f\u00f6r [&hellip;]<\/p>\n","protected":false},"author":1,"featured_media":0,"comment_status":"open","ping_status":"open","sticky":false,"template":"","format":"standard","meta":{"footnotes":""},"categories":[50,5],"tags":[180,1237,1239,1238,1161,1752,101,1240,206],"class_list":["post-1122","post","type-post","status-publish","format-standard","hentry","category-politik","category-reklamfilm","tag-goran-hagglund","tag-hakan","tag-hakan-juholt","tag-juholt","tag-partiledare","tag-politik","tag-socialdemokraterna","tag-val-2014","tag-valrorelse"],"aioseo_notices":[],"_links":{"self":[{"href":"https:\/\/www.creativedirector.se\/blog\/wp-json\/wp\/v2\/posts\/1122","targetHints":{"allow":["GET"]}}],"collection":[{"href":"https:\/\/www.creativedirector.se\/blog\/wp-json\/wp\/v2\/posts"}],"about":[{"href":"https:\/\/www.creativedirector.se\/blog\/wp-json\/wp\/v2\/types\/post"}],"author":[{"embeddable":true,"href":"https:\/\/www.creativedirector.se\/blog\/wp-json\/wp\/v2\/users\/1"}],"replies":[{"embeddable":true,"href":"https:\/\/www.creativedirector.se\/blog\/wp-json\/wp\/v2\/comments?post=1122"}],"version-history":[{"count":2,"href":"https:\/\/www.creativedirector.se\/blog\/wp-json\/wp\/v2\/posts\/1122\/revisions"}],"predecessor-version":[{"id":1124,"href":"https:\/\/www.creativedirector.se\/blog\/wp-json\/wp\/v2\/posts\/1122\/revisions\/1124"}],"wp:attachment":[{"href":"https:\/\/www.creativedirector.se\/blog\/wp-json\/wp\/v2\/media?parent=1122"}],"wp:term":[{"taxonomy":"category","embeddable":true,"href":"https:\/\/www.creativedirector.se\/blog\/wp-json\/wp\/v2\/categories?post=1122"},{"taxonomy":"post_tag","embeddable":true,"href":"https:\/\/www.creativedirector.se\/blog\/wp-json\/wp\/v2\/tags?post=1122"}],"curies":[{"name":"wp","href":"https:\/\/api.w.org\/{rel}","templated":true}]}}