{"id":1067,"date":"2011-02-19T18:15:06","date_gmt":"2011-02-19T16:15:06","guid":{"rendered":"http:\/\/www.creativedirector.se\/blog\/?p=1067"},"modified":"2011-02-24T21:21:44","modified_gmt":"2011-02-24T19:21:44","slug":"mikael-damberg-ar-han-ratt-for-socialdemokraterna","status":"publish","type":"post","link":"https:\/\/www.creativedirector.se\/blog\/2011\/02\/19\/mikael-damberg-ar-han-ratt-for-socialdemokraterna\/","title":{"rendered":"Mikael Damberg \u00e4r han r\u00e4tt f\u00f6r Socialdemokraterna?"},"content":{"rendered":"<p><a href=\"http:\/\/www.dn.se\/nyheter\/politik\/s-kraver-besked-av-kandidaterna \" target=\"_blank\">Mikael<\/a> <a href=\"http:\/\/www.dn.se\/nyheter\/politik\/damberg-vill-ge-s-en-nystart \" target=\"_blank\">Damberg<\/a> <a href=\"http:\/\/www.dn.se\/nyheter\/politik\/osterberg-vill-ta-partiet-tillbaka-till-tryggheten \" target=\"_blank\">gick<\/a> <a href=\"http:\/\/www.svd.se\/nyheter\/inrikes\/aftonbladets-asikt-kan-spela-roll_5952081.svd \" target=\"_blank\">ut<\/a> <a href=\"http:\/\/www.svd.se\/nyheter\/inrikes\/osterberg-mest-namnda-ledarkanditat_5951739.svd \" target=\"_blank\">p\u00e5<\/a> <a href=\"http:\/\/www.aftonbladet.se\/nyheter\/article8593221.ab \" target=\"_blank\">Facebook<\/a> <a href=\"http:\/\/www.aftonbladet.se\/nyheter\/article8590642.ab \" target=\"_blank\">och<\/a> <a href=\"http:\/\/www.aftonbladet.se\/nyheter\/article8588899.ab \" target=\"_blank\">f\u00f6rklarade<\/a> <a href=\"http:\/\/www.aftonbladet.se\/nyheter\/article8587193.ab \" target=\"_blank\">att<\/a> <a href=\"http:\/\/www.aftonbladet.se\/ledare\/ledarkronika\/karinpettersson\/article8587065.ab \" target=\"_blank\">han<\/a> <a href=\"http:\/\/www.aftonbladet.se\/nyheter\/kolumnister\/lenamellin\/article8587191.ab \" target=\"_blank\">\u00e4r<\/a> <a href=\"http:\/\/blogg.aftonbladet.se\/politikerkollen\/2011\/02\/var-ar-programforklaringen-damberg \" target=\"_blank\">intresserad<\/a> <a href=\"http:\/\/www.aftonbladet.se\/nyheter\/article8589160.ab \" target=\"_blank\">av<\/a> <a href=\"http:\/\/pressfeldt.wordpress.com\/2011\/02\/18\/den-smutsiga-kampen-om-partiledarposten\/ \" target=\"_blank\">att<\/a> <a href=\"http:\/\/norah4you.wordpress.com\/2011\/02\/19\/var-det-allt-s-hade-att-komma-med\/ \" target=\"_blank\">bli<\/a><a href=\"http:\/\/hogbergstankar.blogspot.com\/2011\/02\/alltid-samma-vag-trots-att-det-finns-en.html \" target=\"_blank\"> partiledare<\/a>. <a href=\"http:\/\/martinmobergsblogg.blogspot.com\/2011\/02\/fler-halva-steg-ut-fran-skuggorna.html \" target=\"_blank\">Det<\/a> <a href=\"http:\/\/www.s-info.se\/page\/blogg.asp?id=1644&amp;blogg=48700 \" target=\"_blank\">var<\/a> <a href=\"http:\/\/www.zaramis.nu\/blog\/2011\/02\/19\/med-nan-av-de-kandidaterna-ar-sossarna-dodsdomda\/ \" target=\"_blank\">allts\u00e5<\/a> <a href=\"http:\/\/www.cihlinfoto.se\/wpblogg\/?p=659 \" target=\"_blank\">inte<\/a> <a href=\"http:\/\/www.s-info.se\/page\/blogg.asp?id=1528&amp;blogg=48693 \" target=\"_blank\">ett<\/a> <a href=\"http:\/\/www.politikerbloggen.se\/2011\/02\/18\/42880\/ \" target=\"_blank\">tweet<\/a> <a href=\"http:\/\/gunillasdagbok.blogspot.com\/2011\/02\/okenvandringskandidater-och-mitt.html \" target=\"_blank\">utan<\/a> <a href=\"http:\/\/nathalielandin.blogspot.com\/2011\/02\/har-ni-glomt-vad-ylva-johansson-sa.html \" target=\"_blank\">ett<\/a> <a href=\"http:\/\/www.s-info.se\/page\/blogg.asp?id=1749&amp;blogg=48696 \" target=\"_blank\">meddelande<\/a> <a href=\"http:\/\/adventskalendern.blogsome.com\/2011\/02\/18\/inte-en-klonad-folkpartist-tack\/ \" target=\"_blank\">p\u00e5<\/a> <a href=\"http:\/\/mattesdagsaktuella.blogspot.com\/2011\/02\/antligen-nagon-som-vill-ta-ansvar.html\" target=\"_blank\">Facebook.<\/a> Socialdemokraterna \u00e4r i desperat behov av en partiledare, men Mikael Damberg anses vara l\u00e5ngt \u00e5t h\u00f6ger i partiet och \u00e4r det r\u00e4tt f\u00f6r framtiden f\u00f6r socialdemokratin?<\/p>\n<p>Jag tror inte att det blir bra att S n\u00e4rmar sig de borgerliga \u00e4nnu mer. D\u00e5 blir de \u00e4nnu en munsbit f\u00f6r den borgerliga fyrkl\u00f6vern. Den som bland S, just nu, har starkast utstr\u00e5lning \u00e4r Mona Sahlin, synd det inte syntes i valr\u00f6relsen, men det splittrade partiet sl\u00f6t troligtvis inte upp bakom henne tillr\u00e4ckligt mycket.<\/p>\n<p>\u00c5ter till Damberg. Han \u00e4r 39 \u00e5r gammal. Det ligger honom i fatet anser m\u00e5nga. Claes Tholin var 36 \u00e5r, Branting var 47, Per Albin Hansson 40 \u00e5r, Olof Palme 42 \u00e5r s\u00e5 \u00e5ldern kanske inte \u00e4r det stor problemet ur ett historiskt perspektiv. Fast f\u00f6r en del kan det vara avg\u00f6rande.<\/p>\n<p>Fast att vilja st\u00e4lla upp \u00e4r en sak. En annan sak \u00e4r att ha ett program. Att veta vad man vill. Att ha visioner. F\u00f6r var fanns visionerna efter Palme? Visst deras partiledare ryktes bort och Ingvar Carlsson var mer en sammanh\u00e5llande figur. Sen fastnade partiet under G\u00f6ran Perssons ledning.<\/p>\n<p>En del undrar varf\u00f6r det inte finns n\u00e5gra kvinnliga kandidater. Jag tror de vill k\u00f6ra varannan damernas. Sent p\u00e5kommet, men det k\u00e4nns som Aftonbladet vill ha det s\u00e5. De \u00e4r ju en del av partiet s\u00e5 vi f\u00e5r v\u00e4l se det som ett halvoffentligt utspel. Jag tror vem det \u00e4n \u00e4r som tar \u00f6ver S, s\u00e5 f\u00e5r de v\u00e4nja sig med att vara ett parti p\u00e5 runt 20-25%. Tiden har sprungit iv\u00e4g f\u00f6r Socialdemokratin, om det inte dyker upp en vision\u00e4r.<\/p>\n","protected":false},"excerpt":{"rendered":"<p>Mikael Damberg gick ut p\u00e5 Facebook och f\u00f6rklarade att han \u00e4r intresserad av att bli partiledare. Det var allts\u00e5 inte ett tweet utan ett meddelande p\u00e5 Facebook. Socialdemokraterna \u00e4r i desperat behov av en partiledare, men Mikael Damberg anses vara l\u00e5ngt \u00e5t h\u00f6ger i partiet och \u00e4r det r\u00e4tt f\u00f6r framtiden f\u00f6r socialdemokratin? Jag tror [&hellip;]<\/p>\n","protected":false},"author":1,"featured_media":0,"comment_status":"open","ping_status":"open","sticky":false,"template":"","format":"standard","meta":{"footnotes":""},"categories":[50],"tags":[1158,1162,1157,1156,342,1161,1163,1159,1160],"class_list":["post-1067","post","type-post","status-publish","format-standard","hentry","category-politik","tag-damberg","tag-goran-persson","tag-mikael","tag-mikael-damberg","tag-mona-sahlin","tag-partiledare","tag-rosornaskrig","tag-socialdemokration","tag-sosse"],"aioseo_notices":[],"_links":{"self":[{"href":"https:\/\/www.creativedirector.se\/blog\/wp-json\/wp\/v2\/posts\/1067","targetHints":{"allow":["GET"]}}],"collection":[{"href":"https:\/\/www.creativedirector.se\/blog\/wp-json\/wp\/v2\/posts"}],"about":[{"href":"https:\/\/www.creativedirector.se\/blog\/wp-json\/wp\/v2\/types\/post"}],"author":[{"embeddable":true,"href":"https:\/\/www.creativedirector.se\/blog\/wp-json\/wp\/v2\/users\/1"}],"replies":[{"embeddable":true,"href":"https:\/\/www.creativedirector.se\/blog\/wp-json\/wp\/v2\/comments?post=1067"}],"version-history":[{"count":6,"href":"https:\/\/www.creativedirector.se\/blog\/wp-json\/wp\/v2\/posts\/1067\/revisions"}],"predecessor-version":[{"id":1086,"href":"https:\/\/www.creativedirector.se\/blog\/wp-json\/wp\/v2\/posts\/1067\/revisions\/1086"}],"wp:attachment":[{"href":"https:\/\/www.creativedirector.se\/blog\/wp-json\/wp\/v2\/media?parent=1067"}],"wp:term":[{"taxonomy":"category","embeddable":true,"href":"https:\/\/www.creativedirector.se\/blog\/wp-json\/wp\/v2\/categories?post=1067"},{"taxonomy":"post_tag","embeddable":true,"href":"https:\/\/www.creativedirector.se\/blog\/wp-json\/wp\/v2\/tags?post=1067"}],"curies":[{"name":"wp","href":"https:\/\/api.w.org\/{rel}","templated":true}]}}