{"id":1049,"date":"2011-01-30T05:42:45","date_gmt":"2011-01-30T03:42:45","guid":{"rendered":"http:\/\/www.creativedirector.se\/blog\/?p=1049"},"modified":"2011-01-30T02:48:48","modified_gmt":"2011-01-30T00:48:48","slug":"studio-total-dessa-proffs-pa-att-skapa-snackisar","status":"publish","type":"post","link":"https:\/\/www.creativedirector.se\/blog\/2011\/01\/30\/studio-total-dessa-proffs-pa-att-skapa-snackisar\/","title":{"rendered":"Studio Total, dessa proffs p\u00e5 att skapa snackisar"},"content":{"rendered":"<p><a href=\"http:\/\/www.resume.se\/nyheter\/2011\/01\/29\/studio-total-branner-100-0\/ \" target=\"_blank\">I dagens<\/a> <a href=\"http:\/\/www.dagensmedia.se\/nyheter\/pr\/article3082731.ece\" target=\"_blank\">mediabrus<\/a> <a href=\"http:\/\/kulturbloggen.com\/?p=29355\" target=\"_blank\">s\u00e5 g\u00e4ller<\/a> <a href=\"http:\/\/www.pleasecopyme.se\/2010\/11\/studio-total-ror-om-i-ankdammen\/\" target=\"_blank\">det att<\/a> <a href=\"http:\/\/www.ravjagarn.se\/blogg\/2011\/01\/om-studio-total-och-overkligheten\/\" target=\"_blank\">synas<\/a> <a href=\"http:\/\/fabiana.se\/inredning\/studio-total-sanning-eller-myt\/ \" target=\"_blank\">och h\u00f6ras.<\/a> <a href=\"http:\/\/www.persvarld.se\/2010\/12\/10\/darfor-diggar-jag-studio-total-ftw\/ \" target=\"_blank\">Studio Total<\/a> <a href=\"http:\/\/mwcom.se\/2011\/01\/18\/mw-tips-2011-01-18\/ \" target=\"_blank\">\u00e4r en<\/a> <a href=\"http:\/\/viktor.cafe.se\/konspirera-mera\/ \" target=\"_blank\">av de som<\/a> <a href=\"http:\/\/kulturbloggen.com\/?p=29390 \" target=\"_blank\">\u00e4r\u00a0riktigt<\/a> <a href=\"http:\/\/www.goodbadgirl.se\/?p=4167 \" target=\"_blank\">duktiga p\u00e5 detta.<\/a> <a href=\"http:\/\/yourweeklycityguide.wordpress.com\/2011\/01\/29\/saturday-the-29th-of-january-in-swedish\/ \" target=\"_blank\">Jag \u00e4r lite <\/a><a href=\"http:\/\/davidreport.com\/201101\/designboost-telefonplan-speakers-list\/ \" target=\"_blank\">f\u00f6rv\u00e5nad att<\/a> <a href=\"http:\/\/www.modsmagazine.se\/?p=6250 \" target=\"_blank\">journalister g\u00e5r<\/a> <a href=\"http:\/\/ramona-fransson.blogspot.com\/2011\/01\/en-superlacker-banner-av-tjejerna-bakom.html \" target=\"_blank\">p\u00e5 detta.<\/a> <a href=\"http:\/\/vanstrastranden.wordpress.com\/2010\/12\/28\/journalistik-som-profession-pa-undantag\/ \" target=\"_blank\">Det g\u00f6r<\/a> <a href=\"http:\/\/www.animero.com\/blogg\/2011\/01\/17\/marknadsforeningen-goes-extreme\/ \" target=\"_blank\">mig b\u00e5de fundersam<\/a> <a href=\"http:\/\/digitalpr.se\/2010\/12\/29\/strandh-digitalpr-omvarldskoll-20101229\/ \" target=\"_blank\">och orolig.<\/a> <a href=\"http:\/\/kulturdelen.blogspot.com\/2010\/12\/filter-17-10.html \" target=\"_blank\">F\u00f6r de anv\u00e4nder samma koncept g\u00e5ng p\u00e5 g\u00e5ng.<\/a> F\u00f6rsta g\u00e5ngen var det nytt. Nu \u00e4r det en upprepning som k\u00e4nns lite som Svensktoppen, vi har h\u00f6rt det f\u00f6rut.<\/p>\n<p>N\u00e5 en del s\u00e4ger reklambyr\u00e5n Studio Total. Jag vill p\u00e5st\u00e5 de mer \u00e4r en PR-byr\u00e5. Fast mest l\u00e4mpat \u00e4r kanske namnet kommunikationsbyr\u00e5. F\u00f6r mig k\u00e4nns det som Studio Total har en mall som de k\u00f6r med g\u00e5ng p\u00e5 g\u00e5ng. Inget fel med det, men det blir lite tjatigt.<\/p>\n<p>Jag minns n\u00e4r de satt i en butik p\u00e5 S\u00f6dra F\u00f6rstadsgatan i Malm\u00f6. En butik med glasrutor i alla riktningar. De ville verkligen synas. Inget fel med det. Fast det blev lite komiskt. Nu har de flyttat in p\u00e5 hotell. Inget fel med det. Dock \u00e4r fr\u00e5gan om det \u00e4r p\u00e5 riktigt, eller bara en del av PR f\u00f6r byr\u00e5n. Ni som var p\u00e5 festen, hur var det?<\/p>\n","protected":false},"excerpt":{"rendered":"<p>I dagens mediabrus s\u00e5 g\u00e4ller det att synas och h\u00f6ras. Studio Total \u00e4r en av de som \u00e4r\u00a0riktigt duktiga p\u00e5 detta. Jag \u00e4r lite f\u00f6rv\u00e5nad att journalister g\u00e5r p\u00e5 detta. Det g\u00f6r mig b\u00e5de fundersam och orolig. F\u00f6r de anv\u00e4nder samma koncept g\u00e5ng p\u00e5 g\u00e5ng. F\u00f6rsta g\u00e5ngen var det nytt. Nu \u00e4r det en upprepning [&hellip;]<\/p>\n","protected":false},"author":1,"featured_media":0,"comment_status":"open","ping_status":"open","sticky":false,"template":"","format":"standard","meta":{"footnotes":""},"categories":[119],"tags":[1142,1143,1141,54,1761,1140,667,1139],"class_list":["post-1049","post","type-post","status-publish","format-standard","hentry","category-pr","tag-journalism","tag-journalister","tag-kommunikationsbyra","tag-massmedia","tag-pr","tag-pr-byra","tag-reklambyra","tag-studio-total"],"aioseo_notices":[],"_links":{"self":[{"href":"https:\/\/www.creativedirector.se\/blog\/wp-json\/wp\/v2\/posts\/1049","targetHints":{"allow":["GET"]}}],"collection":[{"href":"https:\/\/www.creativedirector.se\/blog\/wp-json\/wp\/v2\/posts"}],"about":[{"href":"https:\/\/www.creativedirector.se\/blog\/wp-json\/wp\/v2\/types\/post"}],"author":[{"embeddable":true,"href":"https:\/\/www.creativedirector.se\/blog\/wp-json\/wp\/v2\/users\/1"}],"replies":[{"embeddable":true,"href":"https:\/\/www.creativedirector.se\/blog\/wp-json\/wp\/v2\/comments?post=1049"}],"version-history":[{"count":2,"href":"https:\/\/www.creativedirector.se\/blog\/wp-json\/wp\/v2\/posts\/1049\/revisions"}],"predecessor-version":[{"id":1051,"href":"https:\/\/www.creativedirector.se\/blog\/wp-json\/wp\/v2\/posts\/1049\/revisions\/1051"}],"wp:attachment":[{"href":"https:\/\/www.creativedirector.se\/blog\/wp-json\/wp\/v2\/media?parent=1049"}],"wp:term":[{"taxonomy":"category","embeddable":true,"href":"https:\/\/www.creativedirector.se\/blog\/wp-json\/wp\/v2\/categories?post=1049"},{"taxonomy":"post_tag","embeddable":true,"href":"https:\/\/www.creativedirector.se\/blog\/wp-json\/wp\/v2\/tags?post=1049"}],"curies":[{"name":"wp","href":"https:\/\/api.w.org\/{rel}","templated":true}]}}